{"id":69139,"date":"2024-06-06T10:31:00","date_gmt":"2024-06-06T16:31:00","guid":{"rendered":"https:\/\/zonaroja.com.mx\/?p=69139"},"modified":"2024-06-06T10:31:00","modified_gmt":"2024-06-06T16:31:00","slug":"exhorta-el-ieepco-a-la-paz-y-la-civilidad-durante-computos-municipales","status":"publish","type":"post","link":"https:\/\/zonaroja.com.mx\/?p=69139","title":{"rendered":"Exhorta el IEEPCO a la paz y la civilidad durante c\u00f3mputos municipales&nbsp;"},"content":{"rendered":"\n<p>Redacci\u00f3n\/Zona Roja.&nbsp;<\/p>\n\n\n\n<p>Oaxaca de Ju\u00e1rez, Oax., a 6 de junio de 2024.- El Instituto Estatal Electoral y de Participaci\u00f3n Ciudadana de Oaxaca (IEEPCO) exhorta a la ciudadan\u00eda en general, actores y actoras pol\u00edticas, militantes y simpatizantes de los Partidos Pol\u00edticos, a conducirse en paz y respeto durante la realizaci\u00f3n de los C\u00f3mputos Electorales Municipales que iniciaron este jueves 6 de junio como parte del Proceso Electoral Local Ordinario 2023-2024.<\/p>\n\n\n\n<p>El resultado de este proceso determinar\u00e1 qu\u00e9 personas ocupar\u00e1n las concejal\u00edas en los ayuntamientos, derivado de la expresi\u00f3n de la voluntad ciudadana en la Jornada Electoral del pasado 2 de junio, por lo que llamamos a permitir que los C\u00f3mputos transcurran en paz y civilidad, recordando los principios bajo los que se rige la funci\u00f3n electoral que son certeza, legalidad, independencia, imparcialidad, interculturalidad, m\u00e1xima publicidad y objetividad.Los C\u00f3mputos Electorales forman parte angular para este ejercicio democr\u00e1tico que representa la voluntad de la ciudadan\u00eda; por lo que hacemos un llamado a todas y todos, a confiar en la labor de los Consejos Municipales Electorales y el compromiso de este Instituto recordando que cualquier acto &nbsp;que se realiza, en el marco del proceso electoral, es impugnable y permite que los conflictos relacionados con los resultados de las elecciones sean conocidos y resueltos &nbsp;por las autoridades jurisdiccionales.<\/p>\n\n\n\n<p>(Comunicado)<\/p>\n","protected":false},"excerpt":{"rendered":"<p>Redacci\u00f3n\/Zona Roja.&nbsp; Oaxaca de Ju\u00e1rez, Oax., a 6 de junio de 2024.- El Instituto Estatal&hellip;<\/p>\n","protected":false},"author":2,"featured_media":69138,"comment_status":"closed","ping_status":"open","sticky":false,"template":"","format":"standard","meta":{"_lmt_disableupdate":"","_lmt_disable":"","_jetpack_memberships_contains_paid_content":false,"footnotes":""},"categories":[109,46],"tags":[],"class_list":["post-69139","post","type-post","status-publish","format-standard","has-post-thumbnail","hentry","category-minuto-a-minuto","category-zona-blanca"],"jetpack_featured_media_url":"https:\/\/zonaroja.com.mx\/wp-content\/uploads\/2024\/06\/img_1195-1.jpg","jetpack_sharing_enabled":true,"_links":{"self":[{"href":"https:\/\/zonaroja.com.mx\/index.php?rest_route=\/wp\/v2\/posts\/69139","targetHints":{"allow":["GET"]}}],"collection":[{"href":"https:\/\/zonaroja.com.mx\/index.php?rest_route=\/wp\/v2\/posts"}],"about":[{"href":"https:\/\/zonaroja.com.mx\/index.php?rest_route=\/wp\/v2\/types\/post"}],"author":[{"embeddable":true,"href":"https:\/\/zonaroja.com.mx\/index.php?rest_route=\/wp\/v2\/users\/2"}],"replies":[{"embeddable":true,"href":"https:\/\/zonaroja.com.mx\/index.php?rest_route=%2Fwp%2Fv2%2Fcomments&post=69139"}],"version-history":[{"count":1,"href":"https:\/\/zonaroja.com.mx\/index.php?rest_route=\/wp\/v2\/posts\/69139\/revisions"}],"predecessor-version":[{"id":69140,"href":"https:\/\/zonaroja.com.mx\/index.php?rest_route=\/wp\/v2\/posts\/69139\/revisions\/69140"}],"wp:featuredmedia":[{"embeddable":true,"href":"https:\/\/zonaroja.com.mx\/index.php?rest_route=\/wp\/v2\/media\/69138"}],"wp:attachment":[{"href":"https:\/\/zonaroja.com.mx\/index.php?rest_route=%2Fwp%2Fv2%2Fmedia&parent=69139"}],"wp:term":[{"taxonomy":"category","embeddable":true,"href":"https:\/\/zonaroja.com.mx\/index.php?rest_route=%2Fwp%2Fv2%2Fcategories&post=69139"},{"taxonomy":"post_tag","embeddable":true,"href":"https:\/\/zonaroja.com.mx\/index.php?rest_route=%2Fwp%2Fv2%2Ftags&post=69139"}],"curies":[{"name":"wp","href":"https:\/\/api.w.org\/{rel}","templated":true}]}}