{"id":69148,"date":"2024-06-06T17:49:00","date_gmt":"2024-06-06T23:49:00","guid":{"rendered":"https:\/\/zonaroja.com.mx\/?p=69148"},"modified":"2024-06-06T17:23:26","modified_gmt":"2024-06-06T23:23:26","slug":"caso-san-juan-bautista-la-raya-seccion-22-insiste-que-fue-represion-y-exige-reparacion-de-danos","status":"publish","type":"post","link":"https:\/\/zonaroja.com.mx\/?p=69148","title":{"rendered":"Caso San Juan Bautista La Raya: Secci\u00f3n 22 insiste que fue represi\u00f3n y exige reparaci\u00f3n de da\u00f1os"},"content":{"rendered":"\n<p>Ismael Garc\u00eda M.\/Zona Roja.<\/p>\n\n\n\n<p>Oaxaca de Ju\u00e1rez, Oax., a 6 de junio de 2024.- La Secci\u00f3n 22 del Sindicato Nacional de Trabajadores de la Educaci\u00f3n reiter\u00f3 que la violencia del pasado martes en San Juan Bautista La Raya fue agresi\u00f3n por parte del Estado y exigi\u00f3 reparaci\u00f3n de da\u00f1os.<\/p>\n\n\n\n<p>Para ello, este jueves la dirigencia sostuvo una reuni\u00f3n de trabajo con funcionarios del Gobierno del Estado en el complejo gubernamental de Ciudad Administrativa, en el municipio de Tlalixtac de Cabrera.<\/p>\n\n\n\n<p>Para ello, los mentores efectuaron un \u201cplant\u00f3n\u201d en el exterior del inmueble, ubicado a un costado de la carretera Internacional Oaxaca-Istmo y donde adem\u00e1s cerraron un carril de circulaci\u00f3n vehicular.<\/p>\n\n\n\n<p>\u201cA 23 d\u00edas de haber estallado el paro indefinido, las demandas fundamentales planteadas al gobierno estatal y federal siguen sin respuestas favorables\u201d, dio a conocer a trav\u00e9s de las redes sociales.<\/p>\n\n\n\n<p>Y reiter\u00f3 su acusaci\u00f3n:&nbsp;<\/p>\n\n\n\n<p>\u201cEl d\u00eda martes 4 de junio del presente a\u00f1o, el gobierno estatal respondi\u00f3 con agresi\u00f3n a trav\u00e9s de grupos de choque y el gobierno federal reprimi\u00f3 utilizando la fuerza policial.&nbsp;<\/p>\n\n\n\n<p>\u201cPor ello, el d\u00eda de hoy se sostuvo una mesa de trabajo con el gobierno estatal para exigir justicia y reparaci\u00f3n de los da\u00f1os ocasionados. Donde la base magisterial del MDTEO se concentr\u00f3 para dar cobertura y mostrar la fuerza de la lucha organizada\u201d.<\/p>\n\n\n\n<p>Entre otras demandas pendientes de cumplir, la gremial detall\u00f3 la urgencia de modificar la Ley Estatal de Educaci\u00f3n y el reconocimiento del Plan para la Transformaci\u00f3n de la Educaci\u00f3n en Oaxaca (PTEO).<\/p>\n\n\n\n<p>Asimismo, la abrogaci\u00f3n del decreto del nuevo IEEPO del 20 de julio de 2015 y reconocimiento de la Direcci\u00f3n General de Educaci\u00f3n de los Pueblos Originarios de Oaxaca (DGEPOO).&nbsp;<\/p>\n\n\n\n<p>En el plano federal, abrogaci\u00f3n de la Reforma Educativa Pe\u00f1a-L\u00f3pez Obrador, as\u00ed como abrogaci\u00f3n de la Ley del ISSSTE 2007 e incremento salarial del 100% al sueldo base.&nbsp;<\/p>\n","protected":false},"excerpt":{"rendered":"<p>Ismael Garc\u00eda M.\/Zona Roja. Oaxaca de Ju\u00e1rez, Oax., a 6 de junio de 2024.- La&hellip;<\/p>\n","protected":false},"author":2,"featured_media":69149,"comment_status":"closed","ping_status":"open","sticky":false,"template":"","format":"standard","meta":{"_lmt_disableupdate":"","_lmt_disable":"","_jetpack_memberships_contains_paid_content":false,"footnotes":""},"categories":[109,47],"tags":[312],"class_list":["post-69148","post","type-post","status-publish","format-standard","has-post-thumbnail","hentry","category-minuto-a-minuto","category-zona-gris","tag-seccion-22-del-snte"],"jetpack_featured_media_url":"https:\/\/zonaroja.com.mx\/wp-content\/uploads\/2024\/06\/Planton-magisterio-Ciudad-Administrativa.jpg","jetpack_sharing_enabled":true,"_links":{"self":[{"href":"https:\/\/zonaroja.com.mx\/index.php?rest_route=\/wp\/v2\/posts\/69148","targetHints":{"allow":["GET"]}}],"collection":[{"href":"https:\/\/zonaroja.com.mx\/index.php?rest_route=\/wp\/v2\/posts"}],"about":[{"href":"https:\/\/zonaroja.com.mx\/index.php?rest_route=\/wp\/v2\/types\/post"}],"author":[{"embeddable":true,"href":"https:\/\/zonaroja.com.mx\/index.php?rest_route=\/wp\/v2\/users\/2"}],"replies":[{"embeddable":true,"href":"https:\/\/zonaroja.com.mx\/index.php?rest_route=%2Fwp%2Fv2%2Fcomments&post=69148"}],"version-history":[{"count":1,"href":"https:\/\/zonaroja.com.mx\/index.php?rest_route=\/wp\/v2\/posts\/69148\/revisions"}],"predecessor-version":[{"id":69150,"href":"https:\/\/zonaroja.com.mx\/index.php?rest_route=\/wp\/v2\/posts\/69148\/revisions\/69150"}],"wp:featuredmedia":[{"embeddable":true,"href":"https:\/\/zonaroja.com.mx\/index.php?rest_route=\/wp\/v2\/media\/69149"}],"wp:attachment":[{"href":"https:\/\/zonaroja.com.mx\/index.php?rest_route=%2Fwp%2Fv2%2Fmedia&parent=69148"}],"wp:term":[{"taxonomy":"category","embeddable":true,"href":"https:\/\/zonaroja.com.mx\/index.php?rest_route=%2Fwp%2Fv2%2Fcategories&post=69148"},{"taxonomy":"post_tag","embeddable":true,"href":"https:\/\/zonaroja.com.mx\/index.php?rest_route=%2Fwp%2Fv2%2Ftags&post=69148"}],"curies":[{"name":"wp","href":"https:\/\/api.w.org\/{rel}","templated":true}]}}