{"id":69157,"date":"2024-06-07T08:26:00","date_gmt":"2024-06-07T14:26:00","guid":{"rendered":"https:\/\/zonaroja.com.mx\/?p=69157"},"modified":"2024-06-07T07:30:02","modified_gmt":"2024-06-07T13:30:02","slug":"sentencian-a-sujeto-que-asesino-a-su-hijo-en-comunidad-de-la-mixteca","status":"publish","type":"post","link":"https:\/\/zonaroja.com.mx\/?p=69157","title":{"rendered":"Sentencian a sujeto que asesin\u00f3 a su hijo, en comunidad de la Mixteca"},"content":{"rendered":"\n<p>Redacci\u00f3n\/Zona Roja.&nbsp;<\/p>\n\n\n\n<p>Oaxaca de Ju\u00e1rez, Oax. 06 de junio de 2024.- La investigaci\u00f3n de delitos de alto impacto que realiza la Fiscal\u00eda General del Estado de Oaxaca (FGEO) hizo posible la obtenci\u00f3n de un fallo condenatorio en contra de un persona del sexo masculino identificado como L. V. R., responsable en la comisi\u00f3n del delito de Homicidio Calificado con Ventaja, en agravio de su hijo, hechos ocurridos en la regi\u00f3n de la Mixteca.<\/p>\n\n\n\n<p>De acuerdo con el expediente penal, el crimen ocurri\u00f3 el 7 de noviembre de 2023, en calles del municipio de San Jorge Nuchita, donde el imputado agredi\u00f3 de manera f\u00edsica a la v\u00edctima (su hijo) identificada como C. S. V. T., posterior a ello, le dispar\u00f3 con un arma de fuego infligiendo heridas que le ocasionaron la muerte.<\/p>\n\n\n\n<p>Derivado de las investigaciones realizadas por la Instituci\u00f3n de procuraci\u00f3n de justicia, a trav\u00e9s de la Viscefiscal\u00eda Regional de la Mixteca, se logr\u00f3 aprehender y presentar ante el Juez de la causa al imputado.<\/p>\n\n\n\n<p>Luego de evaluar los datos de prueba aportados por la FGEO, en audiencia, el juez dict\u00f3 fallo condenatorio en contra de L. V. R., por su responsabilidad en la comisi\u00f3n del delito de Homicidio Calificado con Ventaja, dando un plazo para la lectura de la sentencia condenatoria.<\/p>\n\n\n\n<p>VINCULADO POR HOMICIDIO<\/p>\n\n\n\n<p>En otro hecho, la Fiscal\u00eda obtuvo del Juzgado de Control, auto de vinculaci\u00f3n a proceso contra una persona del sexo masculino identificada como C.T.C., por el delito de homicidio calificado en agravio de un hombre que en vida respondi\u00f3 al nombre de I.A.V., cometido en Santiago Pinotepa Nacional.<\/p>\n\n\n\n<p>De acuerdo con lo asentado el expediente de la FGEO, los hechos ocurrieron el 24 de mayo de 2024, cuando la v\u00edctima se encontraba en el paraje conocido como \u00abEl Limoncito\u00bb ubicado por el lado sur de la poblaci\u00f3n de Lo de Candela perteneciente al municipio de Santiago Pinotepa Nacional, lugar donde lleg\u00f3 el agresor que realiz\u00f3 varios disparos de arma de fuego contra la v\u00edctima, infligiendo diversas lesiones que le provocaron la muerte.<\/p>\n\n\n\n<p>Tras estos hechos, la FGEO inici\u00f3 las investigaciones correspondientes, gracias a las cuales fue posible la detenci\u00f3n del imputado, mismo que fue presentado ante el Juez que conoce la causa.<\/p>\n\n\n\n<p>Derivado de los datos de prueba aportados por la Fiscal\u00eda de Oaxaca, el Juez en turno determin\u00f3 vincular a proceso a C.T.C., por el delito de homicidio calificado adem\u00e1s de imponer la medida cautelar de prisi\u00f3n preventiva oficiosa y otorgar el plazo de dos meses para el cierre de investigaci\u00f3n complementaria.<\/p>\n\n\n\n<p>POR VIOLENCIA FAMILIAR<\/p>\n\n\n\n<p>Asimismo, la instituci\u00f3n procuradora de justicia obtuvo vinculaci\u00f3n a proceso y prisi\u00f3n preventiva en contra una persona del sexo masculino identificada como J.R.M., por el delito de violencia familiar ocurrida en la regi\u00f3n de la Costa.<\/p>\n\n\n\n<p>De acuerdo con lo asentado en el expediente penal del caso, la v\u00edctima con iniciales J.P.R., sufr\u00eda violencia familiar, principalmente en su domicilio ubicado en la localidad de la Lagunilla del municipio de San Jos\u00e9 Chacalapa, en el distrito de San Pedro Pochutla.<\/p>\n\n\n\n<p>Tras recibir la denuncia por los hechos, la FGEO -a trav\u00e9s de la Vicefiscal\u00eda Regional de la Costa- inici\u00f3 las investigaciones correspondientes, gracias a las cuales se obtuvo una orden de aprehensi\u00f3n contra J.R.M., a la cual le dieron cumplimiento elementos de la Agencia Estatal de Investigaciones (AEI).<\/p>\n\n\n\n<p>Una vez presentado ante el Ministerio P\u00fablico y tras aportar las pruebas ministeriales, el Juez que atiende la causa dict\u00f3 auto de vinculaci\u00f3n a proceso en contra del imputado por el delito de violencia familiar e impuso la medida cautelar de prisi\u00f3n preventiva.<\/p>\n\n\n\n<p>OBJETIVO PRIORITARIO<\/p>\n\n\n\n<p>Por otro lado y como resultado de los trabajos de inteligencia e investigaci\u00f3n efectuados por personal de la Fiscal\u00eda General del Estado de Oaxaca (FGEO) se obtuvo auto de vinculaci\u00f3n a proceso contra una persona del sexo masculino identificada como M.D.A.G., por robo espec\u00edfico; ser\u00eda uno de los principales objetivos en materia de robo de veh\u00edculos de motor del Valle de Tlacolula.<\/p>\n\n\n\n<p>De acuerdo con la causa penal del caso, el imputado M.D.A.G., cuenta con diversas denuncias por robo de veh\u00edculos, el caso m\u00e1s reciente ocurri\u00f3 el pasado 25 de mayo en calles c\u00e9ntricas de la cabecera municipal de Tlacolula de Matamoros donde reportaron el robo de un veh\u00edculo marca Nissan, tipo Tsuru; sin embargo, horas m\u00e1s tarde fue encontrado dentro de la misma poblaci\u00f3n.<\/p>\n\n\n\n<p>Al tomar conocimiento de los hechos y tras recibir la denuncia de la v\u00edctima propietario de la unidad de motor, la FGEO inici\u00f3 las investigaciones correspondientes a trav\u00e9s de la Vicefiscal\u00eda de Valles Centrales y derivado de ello, se obtuvo una orden de aprehensi\u00f3n efectuada el 30 de mayo por elementos de la Agencia Estatal de Investigaciones (AEI) para ser presentado ante la autoridad que lo requiri\u00f3.<\/p>\n\n\n\n<p>Luego de recabar y evaluar los datos de prueba que present\u00f3 la FGEO ante el Juez que atiende la causa, M.D.A.G., qued\u00f3 vinculado a proceso y se le impuso la medida cautelar de prisi\u00f3n preventiva justificada.<\/p>\n","protected":false},"excerpt":{"rendered":"<p>Redacci\u00f3n\/Zona Roja.&nbsp; Oaxaca de Ju\u00e1rez, Oax. 06 de junio de 2024.- La investigaci\u00f3n de delitos&hellip;<\/p>\n","protected":false},"author":2,"featured_media":69158,"comment_status":"closed","ping_status":"open","sticky":false,"template":"","format":"standard","meta":{"_lmt_disableupdate":"","_lmt_disable":"","_jetpack_memberships_contains_paid_content":false,"footnotes":""},"categories":[109,47],"tags":[494],"class_list":["post-69157","post","type-post","status-publish","format-standard","has-post-thumbnail","hentry","category-minuto-a-minuto","category-zona-gris","tag-fiscalia-general-del-estado-de-oaxaca"],"jetpack_featured_media_url":"https:\/\/zonaroja.com.mx\/wp-content\/uploads\/2024\/06\/Asesino-carcel-prision.webp","jetpack_sharing_enabled":true,"_links":{"self":[{"href":"https:\/\/zonaroja.com.mx\/index.php?rest_route=\/wp\/v2\/posts\/69157","targetHints":{"allow":["GET"]}}],"collection":[{"href":"https:\/\/zonaroja.com.mx\/index.php?rest_route=\/wp\/v2\/posts"}],"about":[{"href":"https:\/\/zonaroja.com.mx\/index.php?rest_route=\/wp\/v2\/types\/post"}],"author":[{"embeddable":true,"href":"https:\/\/zonaroja.com.mx\/index.php?rest_route=\/wp\/v2\/users\/2"}],"replies":[{"embeddable":true,"href":"https:\/\/zonaroja.com.mx\/index.php?rest_route=%2Fwp%2Fv2%2Fcomments&post=69157"}],"version-history":[{"count":1,"href":"https:\/\/zonaroja.com.mx\/index.php?rest_route=\/wp\/v2\/posts\/69157\/revisions"}],"predecessor-version":[{"id":69159,"href":"https:\/\/zonaroja.com.mx\/index.php?rest_route=\/wp\/v2\/posts\/69157\/revisions\/69159"}],"wp:featuredmedia":[{"embeddable":true,"href":"https:\/\/zonaroja.com.mx\/index.php?rest_route=\/wp\/v2\/media\/69158"}],"wp:attachment":[{"href":"https:\/\/zonaroja.com.mx\/index.php?rest_route=%2Fwp%2Fv2%2Fmedia&parent=69157"}],"wp:term":[{"taxonomy":"category","embeddable":true,"href":"https:\/\/zonaroja.com.mx\/index.php?rest_route=%2Fwp%2Fv2%2Fcategories&post=69157"},{"taxonomy":"post_tag","embeddable":true,"href":"https:\/\/zonaroja.com.mx\/index.php?rest_route=%2Fwp%2Fv2%2Ftags&post=69157"}],"curies":[{"name":"wp","href":"https:\/\/api.w.org\/{rel}","templated":true}]}}