{"id":6916,"date":"2019-12-23T22:09:50","date_gmt":"2019-12-24T04:09:50","guid":{"rendered":"http:\/\/www.zonaroja.com.mx\/?p=6916"},"modified":"2019-12-23T22:09:52","modified_gmt":"2019-12-24T04:09:52","slug":"gremio-empresarial-exige-justicia-para-maria-elena-piden-alto-a-impunidad","status":"publish","type":"post","link":"https:\/\/zonaroja.com.mx\/?p=6916","title":{"rendered":"Gremio empresarial exige justicia para Mar\u00eda Elena; piden alto a impunidad"},"content":{"rendered":"\n<p>Evlin\nArag\u00f3n\/<\/p>\n\n\n\n<p>Oaxaca de\nJu\u00e1rez, Oax., 23 de diciembre de 2019.- Rosa Mar\u00eda Labastida, representante de\nla Asociaci\u00f3n Mexicana de Mujeres Jefas de Empresas, pidi\u00f3 al Gobernador del\nestado, Alejandro Murat Hinojosa, y al fiscal General Rub\u00e9n Vasconcelos M\u00e9ndez,\nque el ataque con \u00e1cido del que fue v\u00edctima la joven Mar\u00eda Elena R\u00edos Ortiz no\nquede impune y se haga justicia. <\/p>\n\n\n\n<p>Lo\nanterior en el marco de una conferencia de prensa que dieran este fin de semana\nrepresentantes de c\u00e1maras empresariales para denunciar el incremento de la\nviolencia y delincuencia en la capital oaxaque\u00f1a y exigir acciones contundentes\npor parte de las autoridades estatales. <\/p>\n\n\n\n<p>La empresaria destac\u00f3 que el tipo de violencia ejercida en contra de la joven saxofonista es grave toda vez que independientemente de los da\u00f1os f\u00edsicos visibles se enfrenta a afectaciones emocionales, psicol\u00f3gicas y econ\u00f3micas de ella y su familia.\u00a0 <\/p>\n\n\n\n<figure class=\"wp-block-embed-twitter wp-block-embed is-type-rich is-provider-twitter\"><div class=\"wp-block-embed__wrapper\">\n<div class=\"twitter-tweet\"><blockquote class=\"twitter-tweet\" data-lang=\"es\"><p lang=\"es\" dir=\"ltr\">(3) En la conferencia de dirigentes empresariales, Rosa Mar\u00eda Labastida, representante de la Asociaci\u00f3n Mexicana de Mujeres Jefas de Empresas, pidi\u00f3 al gobernador <a href=\"https:\/\/twitter.com\/alejandromurat?ref_src=twsrc%5Etfw\">@alejandromurat<\/a> y al fiscal <a href=\"https:\/\/twitter.com\/RVasconcelosM?ref_src=twsrc%5Etfw\">@RVasconcelosM<\/a> <br>justicia para Mar\u00eda Elena, y que el ataque no quede impune. <a href=\"https:\/\/t.co\/CpdSoNrd57\">pic.twitter.com\/CpdSoNrd57<\/a><\/p>&mdash; Zona Roja Oaxaca (@MexRoja) <a href=\"https:\/\/twitter.com\/MexRoja\/status\/1208506123747086337?ref_src=twsrc%5Etfw\">21 de diciembre de 2019<\/a><\/blockquote><\/div>\n<\/div><\/figure>\n\n\n\n<p>\u201cNo s\u00f3lo\nse le desfigur\u00f3 el rostro, sino que eso tambi\u00e9n afecta emocional,\npsicol\u00f3gicamente, econ\u00f3micamente y puede tener traumas, no nada m\u00e1s es que se\nle componga su rostro y ya, el trauma es para toda la vida\u201d, indic\u00f3.<\/p>\n\n\n\n<p>Por lo\nanterior y de forma en\u00e9rgica, Rosa Mar\u00eda Labastida solicit\u00f3 al mandatario\nestatal y el fiscal general, con el respaldo de otra decenas de c\u00e1maras\nempresariales, que el crimen no quede impune y exista justicia para la joven\noaxaque\u00f1a, cuyo caso ha trascendido a nivel internacional debido a sus\ncaracter\u00edsticas.<\/p>\n\n\n\n<p>Este\nlunes la petici\u00f3n de justicia lanzada a trav\u00e9s de la plataforma Change.org\nrebasa las 96 mil firmas de personas que exigen a las autoridades estatales el\nesclarecimiento de los hechos y la sanci\u00f3n con todo el peso de la ley a los\nagresores de Mar\u00eda Elena. <\/p>\n\n\n\n<p>Dentro de\nlos agresores se se\u00f1ala al empresario y ex diputado local, Juan Vera Carrizal,\na quien se le acusa de autor intelectual de los hechos, luego de sostener una\nrelaci\u00f3n sentimental con la joven, la cual lleg\u00f3 a su t\u00e9rmino debido a la\nviolencia que ejerc\u00eda este personaje en contra Mar\u00eda Elena.<\/p>\n\n\n\n<p>Tras las\npresiones a nivel estatal, nacional e internacional, este lunes, el gobernador\nAlejandro Murat Hinojosa y la Fiscal\u00eda General del Estado anunciaron la\ndetenci\u00f3n de un probable implicado en el ataque a la saxofonista.<\/p>\n","protected":false},"excerpt":{"rendered":"<p>Evlin Arag\u00f3n\/ Oaxaca de Ju\u00e1rez, Oax., 23 de diciembre de 2019.- Rosa Mar\u00eda Labastida, representante&hellip;<\/p>\n","protected":false},"author":2,"featured_media":6686,"comment_status":"closed","ping_status":"open","sticky":false,"template":"","format":"standard","meta":{"_lmt_disableupdate":"","_lmt_disable":"","_jetpack_memberships_contains_paid_content":false,"footnotes":""},"categories":[109,47],"tags":[1124],"class_list":["post-6916","post","type-post","status-publish","format-standard","has-post-thumbnail","hentry","category-minuto-a-minuto","category-zona-gris","tag-maria-elena-rios-ortiz"],"jetpack_featured_media_url":"https:\/\/zonaroja.com.mx\/wp-content\/uploads\/2019\/12\/Vera-Carrizal-y-Mar\u00eda-Elena.jpg","jetpack_sharing_enabled":true,"_links":{"self":[{"href":"https:\/\/zonaroja.com.mx\/index.php?rest_route=\/wp\/v2\/posts\/6916","targetHints":{"allow":["GET"]}}],"collection":[{"href":"https:\/\/zonaroja.com.mx\/index.php?rest_route=\/wp\/v2\/posts"}],"about":[{"href":"https:\/\/zonaroja.com.mx\/index.php?rest_route=\/wp\/v2\/types\/post"}],"author":[{"embeddable":true,"href":"https:\/\/zonaroja.com.mx\/index.php?rest_route=\/wp\/v2\/users\/2"}],"replies":[{"embeddable":true,"href":"https:\/\/zonaroja.com.mx\/index.php?rest_route=%2Fwp%2Fv2%2Fcomments&post=6916"}],"version-history":[{"count":1,"href":"https:\/\/zonaroja.com.mx\/index.php?rest_route=\/wp\/v2\/posts\/6916\/revisions"}],"predecessor-version":[{"id":6917,"href":"https:\/\/zonaroja.com.mx\/index.php?rest_route=\/wp\/v2\/posts\/6916\/revisions\/6917"}],"wp:featuredmedia":[{"embeddable":true,"href":"https:\/\/zonaroja.com.mx\/index.php?rest_route=\/wp\/v2\/media\/6686"}],"wp:attachment":[{"href":"https:\/\/zonaroja.com.mx\/index.php?rest_route=%2Fwp%2Fv2%2Fmedia&parent=6916"}],"wp:term":[{"taxonomy":"category","embeddable":true,"href":"https:\/\/zonaroja.com.mx\/index.php?rest_route=%2Fwp%2Fv2%2Fcategories&post=6916"},{"taxonomy":"post_tag","embeddable":true,"href":"https:\/\/zonaroja.com.mx\/index.php?rest_route=%2Fwp%2Fv2%2Ftags&post=6916"}],"curies":[{"name":"wp","href":"https:\/\/api.w.org\/{rel}","templated":true}]}}