{"id":69160,"date":"2024-06-07T08:24:22","date_gmt":"2024-06-07T14:24:22","guid":{"rendered":"https:\/\/zonaroja.com.mx\/?p=69160"},"modified":"2024-06-07T08:25:19","modified_gmt":"2024-06-07T14:25:19","slug":"gobierno-da-todo-al-magisterio-pagara-hasta-danos-por-violencia-en-la-raya","status":"publish","type":"post","link":"https:\/\/zonaroja.com.mx\/?p=69160","title":{"rendered":"Gobierno da todo al magisterio; pagar\u00e1 hasta da\u00f1os por violencia en La Raya"},"content":{"rendered":"\n<p>Ismael Garc\u00eda M.\/Zona Roja.<\/p>\n\n\n\n<p>Oaxaca de Ju\u00e1rez, Oax., a 7 de junio de 2024.- Aunado a los m\u00e1s de tres mil millones de pesos del presupuesto que se asignar\u00e1 a la Secci\u00f3n del SNTE para cubrir su pliego petitorio 2024, el gobierno de Oaxaca pagar\u00e1 hasta los da\u00f1os causados por la violencia en San Juan Bautista La Raya, del pasado martes.<\/p>\n\n\n\n<p>Estos logros fueron alcanzados ayer luego de la reuni\u00f3n de la dirigencia magisterial con autoridades estatales, efectuadas en la sede gubernamental de Ciudad Administrativa, donde las bases mantuvieron un \u201cplant\u00f3n\u201d.<\/p>\n\n\n\n<p>Entre \u00e9stos, el gobierno se comprometi\u00f3 a pagar la atenci\u00f3n a los lesionados de bala, as\u00ed como a quienes tienen heridas menores; tambi\u00e9n, cubrir\u00e1 el deducible de los da\u00f1os a siete veh\u00edculos y pagar\u00e1 la reparaci\u00f3n de los autos con da\u00f1os menores.<\/p>\n\n\n\n<p>De la misma manera, el gobierno se comprometi\u00f3 a dar seguimiento a las dos carpetas de investigaci\u00f3n iniciadas por la Fiscal\u00eda General del Estado de Oaxaca por los hechos del pasado martes.<\/p>\n\n\n\n<p>EN LA CDMX<\/p>\n\n\n\n<p>Anoche, luego de una reuni\u00f3n en la Secretar\u00eda de Gobernaci\u00f3n, en la Ciudad de M\u00e9xico, la dirigente de la Secci\u00f3n 22 detall\u00f3 los logros alcanzados con autoridades estatales y federales.<\/p>\n\n\n\n<p>Entre ellas la pronta liberaci\u00f3n de los recursos presupuestales para el pago de bonos a trabajadores jubilados; en el caso de quienes no presentaron demanda ante la junta de conciliaci\u00f3n labora, ser\u00e1 un pago \u00fanico de 15 mil pesos.<\/p>\n\n\n\n<p>Aunado a ello, se logr\u00f3 la liberaci\u00f3n del fondo de pr\u00e9stamos, que ser\u00e1 puesto en marcha a la brevedad.<\/p>\n\n\n\n<p>Sin embargo, recrimin\u00f3 que el gobierno federal se niega a reconocer que fueron agredidos, tambi\u00e9n el pasado martes, por polic\u00edas de la Ciudad de M\u00e9xico y por lo tanto no quiere pagar da\u00f1os.<\/p>\n\n\n\n<figure class=\"wp-block-embed is-type-rich is-provider-twitter wp-block-embed-twitter\"><div class=\"wp-block-embed__wrapper\">\n<div class=\"twitter-tweet\"><blockquote class=\"twitter-tweet\" data-lang=\"es\"><p lang=\"es\" dir=\"ltr\">2. Ser\u00e1 la Asamblea Estatal -que se reanuda este viernes- la que defina el rumbo del movimiento, inform\u00f3 Yenny Aracely P\u00e9rez Mart\u00ednez en la Ciudad de M\u00e9xico.<br><br>Confirma que habr\u00e1 encierro con la Presidenta electa, <a href=\"https:\/\/twitter.com\/Claudiashein?ref_src=twsrc%5Etfw\">@Claudiashein<\/a>. <br><br>Ma\u00f1ana tambi\u00e9n hay movilizaci\u00f3n en la capital del\u2026 <a href=\"https:\/\/t.co\/mJSfzN3AqM\">pic.twitter.com\/mJSfzN3AqM<\/a><\/p>&mdash; Zona Roja Oaxaca (@ZonaRoja_Oaxaca) <a href=\"https:\/\/twitter.com\/ZonaRoja_Oaxaca\/status\/1798932787518648563?ref_src=twsrc%5Etfw\">7 de junio de 2024<\/a><\/blockquote><\/div>\n<\/div><\/figure>\n\n\n\n<p>Anunci\u00f3 que el pr\u00f3ximo martes tienen una nueva reuni\u00f3n con el Presidente Andr\u00e9s Manuel L\u00f3pez Obrador para tomar nuevas definiciones y que adem\u00e1s habr\u00e1 un encuentro con la Presidenta electa de M\u00e9xico, Claudia Sheinbaum.<\/p>\n\n\n\n<p>Pese a ello, indic\u00f3 que la lucha magisterial contin\u00faa junto con los magisterios adheridos a la Coordinadora Nacional de Trabajadores de la Educaci\u00f3n (CNTE) y este d\u00eda tienen una marcha masiva en la capital del pa\u00eds.<\/p>\n\n\n\n<p>Mientras que en la ciudad de Oaxaca, hoy se reanuda la Asamblea Estatal, en que tomar\u00e1n definiciones acerca del rumbo del movimiento.<\/p>\n\n\n\n<p>EN OAXACA<\/p>\n\n\n\n<p>Mientras tanto, ayer en conferencia de prensa, el titular del IEEPO, Emilio Montero P\u00e9rez, y el secretario de Gobierno, Jes\u00fas Romero L\u00f3pez, dieron a conocer los avances en la negociaci\u00f3n con el magisterio, entre ellos la aplicaci\u00f3n presupuestal de m\u00e1s de tres mil millones de pesos.<\/p>\n\n\n\n<p>Asimismo, hasta mayo, se han otorgado en total cinco mil 476 plazas para maestros, que equivalen a mil 526 millones de pesos.<\/p>\n\n\n\n<p>Adelant\u00f3 tambi\u00e9n que se prev\u00e9 cancelar reformas a la ley de educaci\u00f3n para que las y los docentes vuelvan a jubilarse, en el caso de los varones hasta los 30 a\u00f1os de labores y en el caso de las mujeres hasta los 28 a\u00f1os.<\/p>\n\n\n\n<p>De la misma manera, se eliminar\u00e1 la Unidad del Sistema de Ingreso para la Carrera de Maestros (USICAM), a fin de no aplicar ex\u00e1menes a los nuevos ingresos a la docencia.<\/p>\n\n\n\n<p>Pese a todo ello, hasta este viernes la Secci\u00f3n 22 del SNTE contin\u00faa con sus movilizaciones.<\/p>\n\n\n\n<figure class=\"wp-block-embed is-type-rich is-provider-twitter wp-block-embed-twitter\"><div class=\"wp-block-embed__wrapper\">\n<div class=\"twitter-tweet\"><blockquote class=\"twitter-tweet\" data-lang=\"es\"><p lang=\"es\" dir=\"ltr\">Confirmado: reducir\u00e1n edad de jubilaci\u00f3n de trabajadores de la Secci\u00f3n 22 del SNTE de <a href=\"https:\/\/twitter.com\/hashtag\/Oaxaca?src=hash&amp;ref_src=twsrc%5Etfw\">#Oaxaca<\/a>.<br><br>Eliminar\u00e1n la Unidad del Sistema para la Carrera de Maestras y Maestros (USICAM), para que los nuevos ingresos sean sin examen. <br><br>Destinan m\u00e1s de tres mil millones de pesos para\u2026 <a href=\"https:\/\/t.co\/lH5UHjbAcX\">pic.twitter.com\/lH5UHjbAcX<\/a><\/p>&mdash; Zona Roja Oaxaca (@ZonaRoja_Oaxaca) <a href=\"https:\/\/twitter.com\/ZonaRoja_Oaxaca\/status\/1798752538382016633?ref_src=twsrc%5Etfw\">6 de junio de 2024<\/a><\/blockquote><\/div>\n<\/div><\/figure>\n","protected":false},"excerpt":{"rendered":"<p>Ismael Garc\u00eda M.\/Zona Roja. Oaxaca de Ju\u00e1rez, Oax., a 7 de junio de 2024.- Aunado&hellip;<\/p>\n","protected":false},"author":2,"featured_media":69161,"comment_status":"closed","ping_status":"open","sticky":false,"template":"","format":"standard","meta":{"_lmt_disableupdate":"","_lmt_disable":"","_jetpack_memberships_contains_paid_content":false,"footnotes":""},"categories":[109,47],"tags":[312],"class_list":["post-69160","post","type-post","status-publish","format-standard","has-post-thumbnail","hentry","category-minuto-a-minuto","category-zona-gris","tag-seccion-22-del-snte"],"jetpack_featured_media_url":"https:\/\/zonaroja.com.mx\/wp-content\/uploads\/2024\/06\/Planton-Seccion-22-ciudad-de-Oaxaca.jpg","jetpack_sharing_enabled":true,"_links":{"self":[{"href":"https:\/\/zonaroja.com.mx\/index.php?rest_route=\/wp\/v2\/posts\/69160","targetHints":{"allow":["GET"]}}],"collection":[{"href":"https:\/\/zonaroja.com.mx\/index.php?rest_route=\/wp\/v2\/posts"}],"about":[{"href":"https:\/\/zonaroja.com.mx\/index.php?rest_route=\/wp\/v2\/types\/post"}],"author":[{"embeddable":true,"href":"https:\/\/zonaroja.com.mx\/index.php?rest_route=\/wp\/v2\/users\/2"}],"replies":[{"embeddable":true,"href":"https:\/\/zonaroja.com.mx\/index.php?rest_route=%2Fwp%2Fv2%2Fcomments&post=69160"}],"version-history":[{"count":2,"href":"https:\/\/zonaroja.com.mx\/index.php?rest_route=\/wp\/v2\/posts\/69160\/revisions"}],"predecessor-version":[{"id":69164,"href":"https:\/\/zonaroja.com.mx\/index.php?rest_route=\/wp\/v2\/posts\/69160\/revisions\/69164"}],"wp:featuredmedia":[{"embeddable":true,"href":"https:\/\/zonaroja.com.mx\/index.php?rest_route=\/wp\/v2\/media\/69161"}],"wp:attachment":[{"href":"https:\/\/zonaroja.com.mx\/index.php?rest_route=%2Fwp%2Fv2%2Fmedia&parent=69160"}],"wp:term":[{"taxonomy":"category","embeddable":true,"href":"https:\/\/zonaroja.com.mx\/index.php?rest_route=%2Fwp%2Fv2%2Fcategories&post=69160"},{"taxonomy":"post_tag","embeddable":true,"href":"https:\/\/zonaroja.com.mx\/index.php?rest_route=%2Fwp%2Fv2%2Ftags&post=69160"}],"curies":[{"name":"wp","href":"https:\/\/api.w.org\/{rel}","templated":true}]}}