{"id":69177,"date":"2024-06-07T18:42:43","date_gmt":"2024-06-08T00:42:43","guid":{"rendered":"https:\/\/zonaroja.com.mx\/?p=69177"},"modified":"2024-06-07T18:42:45","modified_gmt":"2024-06-08T00:42:45","slug":"oficial-javier-barroso-es-edil-electo-de-zimatlan-ieepco-le-entrega-constancia","status":"publish","type":"post","link":"https:\/\/zonaroja.com.mx\/?p=69177","title":{"rendered":"Oficial: Javier Barroso es edil electo de Zimatl\u00e1n; IEEPCO le entrega constancia"},"content":{"rendered":"\n<p>Redacci\u00f3n\/Zona Roja.<\/p>\n\n\n\n<p>Oaxaca de Ju\u00e1rez, Oax., a 7 de junio de 2024.- &nbsp;El Instituto Estatal Electoral y de Participaci\u00f3n Ciudadana de Oaxaca (IEEPCO) entreg\u00f3 hoy al candidato del Partido Verde Ecologista de M\u00e9xico (PVEM), Javier C\u00e9sar Barroso S\u00e1nchez, su constancia de mayor\u00eda como presidente municipal electo de Zimatl\u00e1n de \u00c1lvarez.<\/p>\n\n\n\n<p>Con un respaldo contundente por parte de la ciudadan\u00eda, Barroso S\u00e1nchez encabezar\u00e1 los trabajos de gobierno&nbsp;en&nbsp;Zimatl\u00e1n para los pr\u00f3ximos tres a\u00f1os&nbsp;donde el&nbsp;mandato&nbsp;de la ciudadan\u00eda&nbsp;es&nbsp;impulsar&nbsp;un&nbsp;cambio positivo en&nbsp;toda la&nbsp;comunidad&nbsp;y sus agencias.<\/p>\n\n\n\n<p>En ese sentido,&nbsp;el edil electo llam\u00f3 a todas las fuerzas pol\u00edticas del municipio para unirse en un esfuerzo conjunto por el bienestar de todos y todas.&nbsp;<\/p>\n\n\n\n<p>Es momento de dejar de lado las diferencias partidistas y trabajar de la mano por un objetivo com\u00fan: el desarrollo integral de Zimatl\u00e1n y el mejoramiento de la calidad de vida de sus habitantes, dijo.<\/p>\n\n\n\n<p>Agreg\u00f3 que su compromiso como presidente municipal va m\u00e1s all\u00e1 de las siglas partidistas porque tiene la visi\u00f3n de un Zimatl\u00e1n pr\u00f3spero, inclusivo y sostenible, donde cada voz sea escuchada y cada necesidad sea atendida, de tal manera que su administraci\u00f3n&nbsp;se basar\u00e1&nbsp;en la transparencia, la participaci\u00f3n ciudadana y la b\u00fasqueda constante del beneficio colectivo.<\/p>\n\n\n\n<p>Desde hoy, invitamos a todos los sectores de la sociedad a sumarse a este proyecto de transformaci\u00f3n. Juntos, podemos construir un futuro mejor para Zimatl\u00e1n, donde la esperanza y la oportunidad brillen para cada uno de sus habitantes, a\u00f1adi\u00f3.<\/p>\n","protected":false},"excerpt":{"rendered":"<p>Redacci\u00f3n\/Zona Roja. Oaxaca de Ju\u00e1rez, Oax., a 7 de junio de 2024.- &nbsp;El Instituto Estatal&hellip;<\/p>\n","protected":false},"author":2,"featured_media":69178,"comment_status":"closed","ping_status":"open","sticky":false,"template":"","format":"standard","meta":{"_lmt_disableupdate":"","_lmt_disable":"","_jetpack_memberships_contains_paid_content":false,"footnotes":""},"categories":[109,46],"tags":[2482],"class_list":["post-69177","post","type-post","status-publish","format-standard","has-post-thumbnail","hentry","category-minuto-a-minuto","category-zona-blanca","tag-javier-barroso-sanchez"],"jetpack_featured_media_url":"https:\/\/zonaroja.com.mx\/wp-content\/uploads\/2024\/06\/Javier-Barroso-Zimatlan.jpg","jetpack_sharing_enabled":true,"_links":{"self":[{"href":"https:\/\/zonaroja.com.mx\/index.php?rest_route=\/wp\/v2\/posts\/69177","targetHints":{"allow":["GET"]}}],"collection":[{"href":"https:\/\/zonaroja.com.mx\/index.php?rest_route=\/wp\/v2\/posts"}],"about":[{"href":"https:\/\/zonaroja.com.mx\/index.php?rest_route=\/wp\/v2\/types\/post"}],"author":[{"embeddable":true,"href":"https:\/\/zonaroja.com.mx\/index.php?rest_route=\/wp\/v2\/users\/2"}],"replies":[{"embeddable":true,"href":"https:\/\/zonaroja.com.mx\/index.php?rest_route=%2Fwp%2Fv2%2Fcomments&post=69177"}],"version-history":[{"count":1,"href":"https:\/\/zonaroja.com.mx\/index.php?rest_route=\/wp\/v2\/posts\/69177\/revisions"}],"predecessor-version":[{"id":69179,"href":"https:\/\/zonaroja.com.mx\/index.php?rest_route=\/wp\/v2\/posts\/69177\/revisions\/69179"}],"wp:featuredmedia":[{"embeddable":true,"href":"https:\/\/zonaroja.com.mx\/index.php?rest_route=\/wp\/v2\/media\/69178"}],"wp:attachment":[{"href":"https:\/\/zonaroja.com.mx\/index.php?rest_route=%2Fwp%2Fv2%2Fmedia&parent=69177"}],"wp:term":[{"taxonomy":"category","embeddable":true,"href":"https:\/\/zonaroja.com.mx\/index.php?rest_route=%2Fwp%2Fv2%2Fcategories&post=69177"},{"taxonomy":"post_tag","embeddable":true,"href":"https:\/\/zonaroja.com.mx\/index.php?rest_route=%2Fwp%2Fv2%2Ftags&post=69177"}],"curies":[{"name":"wp","href":"https:\/\/api.w.org\/{rel}","templated":true}]}}