{"id":69183,"date":"2024-06-07T21:13:34","date_gmt":"2024-06-08T03:13:34","guid":{"rendered":"https:\/\/zonaroja.com.mx\/?p=69183"},"modified":"2024-06-07T21:13:36","modified_gmt":"2024-06-08T03:13:36","slug":"asesinan-a-regidora-en-guerrero-era-del-pri-y-se-paso-a-morena","status":"publish","type":"post","link":"https:\/\/zonaroja.com.mx\/?p=69183","title":{"rendered":"Asesinan a regidora en Guerrero; era del PRI y se pas\u00f3 a Morena"},"content":{"rendered":"\n<p>Redacci\u00f3n\/Zona Roja Cdmx.<\/p>\n\n\n\n<p>Ciudad de M\u00e9xico, a 7 de junio de 2024.- La Fiscal\u00eda General de Justicia (FGJ) de Guerrero confirm\u00f3 el asesinato de Esmeralda Garz\u00f3n Campos, regidora del municipio de Tixtla que abandon\u00f3 la filas del PRI durante el proceso electoral para solicitar su registro en Morena.<\/p>\n\n\n\n<p>De acuerdo con los primeros reportes, la regidora fue atacada a balazos alrededor de las 14:30 cuando sal\u00eda de su casa en la calle Monta\u00f1o, en el poblado de Santiago.<\/p>\n\n\n\n<p>A la llegada de los servicios de emergencia, los param\u00e9dicos confirmaron que Esmeralda Garz\u00f3n Campos ya no presentaba signos vitales; minutos m\u00e1s tarde la Polic\u00eda Municipal y la FGE implementaron un operativo de seguridad para dar con los responsables, empero, hasta el momento no hay reporte de personas detenidas.<\/p>\n\n\n\n<p>\u201cAgentes de la Polic\u00eda Investigadora Ministerial (PIM) y de los Servicios Periciales, acudieron al lugar en donde se llevan a cabo los actos de investigaci\u00f3n correspondientes que permitan obtener los datos de prueba necesarios para esclarecer el il\u00edcito. Asimismo, se despleg\u00f3 un operativo para dar con el o los responsables\u201d, inform\u00f3 la Fiscal\u00eda de Guerrero.<\/p>\n\n\n\n<p>La regidora asesinada viene de una familia de pol\u00edticos reconocidos en Guerrero: es hija de la exdiputada del PRI, Violeta Campos, y del exalcalde de Chilpancingo, Ausencio Garz\u00f3n; adem\u00e1s de ser sobrina del exgobernador H\u00e9ctor Astudillo Flores y de Sa\u00fal Nava Astudillo, excandidato (en 4 ocasiones) a la presidencia municipal de Tixtla.<\/p>\n\n\n\n<p>Aunque Esmeralda Garz\u00f3n Campos fue postulada por el PRI para llegar al cabildo de Tixtla en 2021, durante el proceso electoral 2023-2024 abandon\u00f3 sus filas para unirse a las filas de Morena; durante la campa\u00f1a se le vio pidiendo el voto para la virtual ganadora de la elecci\u00f3n presidencial, Claudia Sheinbaum, y para Beatriz Mojica, candidata de Morena al Senado.<\/p>\n\n\n\n<p>(Informaci\u00f3n de Infobae M\u00e9xico)<\/p>\n","protected":false},"excerpt":{"rendered":"<p>Redacci\u00f3n\/Zona Roja Cdmx. Ciudad de M\u00e9xico, a 7 de junio de 2024.- La Fiscal\u00eda General&hellip;<\/p>\n","protected":false},"author":2,"featured_media":69184,"comment_status":"closed","ping_status":"open","sticky":false,"template":"","format":"standard","meta":{"_lmt_disableupdate":"","_lmt_disable":"","_jetpack_memberships_contains_paid_content":false,"footnotes":""},"categories":[109,51],"tags":[3721],"class_list":["post-69183","post","type-post","status-publish","format-standard","has-post-thumbnail","hentry","category-minuto-a-minuto","category-zona-roja","tag-violencia-en-guerrero"],"jetpack_featured_media_url":"https:\/\/zonaroja.com.mx\/wp-content\/uploads\/2024\/06\/Regidora-de-Tixtla-Guerrer.jpg","jetpack_sharing_enabled":true,"_links":{"self":[{"href":"https:\/\/zonaroja.com.mx\/index.php?rest_route=\/wp\/v2\/posts\/69183","targetHints":{"allow":["GET"]}}],"collection":[{"href":"https:\/\/zonaroja.com.mx\/index.php?rest_route=\/wp\/v2\/posts"}],"about":[{"href":"https:\/\/zonaroja.com.mx\/index.php?rest_route=\/wp\/v2\/types\/post"}],"author":[{"embeddable":true,"href":"https:\/\/zonaroja.com.mx\/index.php?rest_route=\/wp\/v2\/users\/2"}],"replies":[{"embeddable":true,"href":"https:\/\/zonaroja.com.mx\/index.php?rest_route=%2Fwp%2Fv2%2Fcomments&post=69183"}],"version-history":[{"count":1,"href":"https:\/\/zonaroja.com.mx\/index.php?rest_route=\/wp\/v2\/posts\/69183\/revisions"}],"predecessor-version":[{"id":69185,"href":"https:\/\/zonaroja.com.mx\/index.php?rest_route=\/wp\/v2\/posts\/69183\/revisions\/69185"}],"wp:featuredmedia":[{"embeddable":true,"href":"https:\/\/zonaroja.com.mx\/index.php?rest_route=\/wp\/v2\/media\/69184"}],"wp:attachment":[{"href":"https:\/\/zonaroja.com.mx\/index.php?rest_route=%2Fwp%2Fv2%2Fmedia&parent=69183"}],"wp:term":[{"taxonomy":"category","embeddable":true,"href":"https:\/\/zonaroja.com.mx\/index.php?rest_route=%2Fwp%2Fv2%2Fcategories&post=69183"},{"taxonomy":"post_tag","embeddable":true,"href":"https:\/\/zonaroja.com.mx\/index.php?rest_route=%2Fwp%2Fv2%2Ftags&post=69183"}],"curies":[{"name":"wp","href":"https:\/\/api.w.org\/{rel}","templated":true}]}}