{"id":69186,"date":"2024-06-08T06:58:07","date_gmt":"2024-06-08T12:58:07","guid":{"rendered":"https:\/\/zonaroja.com.mx\/?p=69186"},"modified":"2024-06-08T06:58:09","modified_gmt":"2024-06-08T12:58:09","slug":"tras-casi-un-mes-seccion-22-del-snte-levanta-planton-en-oaxaca","status":"publish","type":"post","link":"https:\/\/zonaroja.com.mx\/?p=69186","title":{"rendered":"Tras casi un mes, Secci\u00f3n 22 del SNTE levanta \u201cplant\u00f3n\u201d en Oaxaca"},"content":{"rendered":"\n<p>Ismael Garc\u00eda M.\/Zona Roja.<\/p>\n\n\n\n<p>Oaxaca de Ju\u00e1rez, Oax., a 8 de junio de 2024.- Luego de casi un mes de paro de labores educativas y \u201cplant\u00f3n\u201d en el Centro Hist\u00f3rico de la ciudad de Oaxaca, la Asamblea Estatal de la Secci\u00f3n 22 del SNTE acord\u00f3 decretar un receso en su lucha y terminar las movilizaciones.<\/p>\n\n\n\n<p>A las 16:34 horas de ayer inici\u00f3 la reuni\u00f3n del m\u00e1ximo \u00f3rgano de direcci\u00f3n del magisterio estatal y culmin\u00f3 a las 02:13 horas de este s\u00e1bado, en medio de reclamos y silbidos de un sector de asistentes a la asamblea.<\/p>\n\n\n\n<p>No obstante, tras la intervenci\u00f3n de m\u00e1s de 100 oradores, la Asamblea Estatal consider\u00f3 m\u00ednimas pero suficientes las respuestas de los gobiernos estatal y federal, para determinar el receso en su lucha.<\/p>\n\n\n\n<p>Con una conferencia de prensa y una marcha masiva, que inicia despu\u00e9s de las 09:00 horas en la carretera Internacional Oaxaca-Istmo, crucero con la v\u00eda al pante\u00f3n Jard\u00edn y culminar\u00e1 en el z\u00f3calo, terminar\u00e1n sus movilizaciones, tras lo cual levantar\u00e1n lonas y carpas en el centro de la capital.<\/p>\n\n\n\n<p>La determinaci\u00f3n se tom\u00f3 luego que el Gobierno del Estado y el Gobierno de la Rep\u00fablica cumplieran todas las demandas del magisterio estatal, que cont\u00f3 con el apoyo de la Coordinadora Nacional de Trabajadores de la Educaci\u00f3n (CNTE), cuyas representaciones mantuvieron tambi\u00e9n movilizaciones en la Ciudad de M\u00e9xico.&nbsp;<\/p>\n\n\n\n<p>Entre otros logros, se destinan m\u00e1s de tres mil millones de pesos de presupuesto para atender diversas demandas, como el pago de un bono a los docentes jubilados.<\/p>\n\n\n\n<p>Aun aumento salarial superior al 10 por ciento; pago de incidencias; basificaci\u00f3n a personal por contrato; compromiso de modificar el marco legal y estatal para evitar el examen de ingreso a la docencia, as\u00ed como reducir la edad de jubilaci\u00f3n; la construcci\u00f3n de un hospital del ISSSTE.<\/p>\n\n\n\n<p>El pr\u00f3ximo martes la dirigencia de la secci\u00f3n 22 del SNTE sostendr\u00e1 una reuni\u00f3n de trabajo con el Presidente de M\u00e9xico, Andr\u00e9s Manuel L\u00f3pez Obrador, en el Palacio Nacional, para formalizar las reformas constitucionales.<\/p>\n\n\n\n<p>El paro de labores con \u201cplant\u00f3n\u201d en el Centro Hist\u00f3rico de Oaxaca inici\u00f3 el 15 de mayo, en el marco del D\u00eda de las y los Maestros, para exigir cumplimiento al pliego petitorio e incluy\u00f3 marchas, \u201ctoma\u201d de oficinas p\u00fablicas y de una planta de Pemex, as\u00ed como de terminales de autobuses y del aeropuerto, adem\u00e1s de un enfrentamiento con pobladores de San Juan Bautista La Raya.<\/p>\n","protected":false},"excerpt":{"rendered":"<p>Ismael Garc\u00eda M.\/Zona Roja. Oaxaca de Ju\u00e1rez, Oax., a 8 de junio de 2024.- Luego&hellip;<\/p>\n","protected":false},"author":2,"featured_media":69187,"comment_status":"closed","ping_status":"open","sticky":false,"template":"","format":"standard","meta":{"_lmt_disableupdate":"","_lmt_disable":"","_jetpack_memberships_contains_paid_content":false,"footnotes":""},"categories":[109,46],"tags":[312],"class_list":["post-69186","post","type-post","status-publish","format-standard","has-post-thumbnail","hentry","category-minuto-a-minuto","category-zona-blanca","tag-seccion-22-del-snte"],"jetpack_featured_media_url":"https:\/\/zonaroja.com.mx\/wp-content\/uploads\/2024\/06\/Asamblea-Seccion-22-del-SNTE-termina-paro.jpg","jetpack_sharing_enabled":true,"_links":{"self":[{"href":"https:\/\/zonaroja.com.mx\/index.php?rest_route=\/wp\/v2\/posts\/69186","targetHints":{"allow":["GET"]}}],"collection":[{"href":"https:\/\/zonaroja.com.mx\/index.php?rest_route=\/wp\/v2\/posts"}],"about":[{"href":"https:\/\/zonaroja.com.mx\/index.php?rest_route=\/wp\/v2\/types\/post"}],"author":[{"embeddable":true,"href":"https:\/\/zonaroja.com.mx\/index.php?rest_route=\/wp\/v2\/users\/2"}],"replies":[{"embeddable":true,"href":"https:\/\/zonaroja.com.mx\/index.php?rest_route=%2Fwp%2Fv2%2Fcomments&post=69186"}],"version-history":[{"count":1,"href":"https:\/\/zonaroja.com.mx\/index.php?rest_route=\/wp\/v2\/posts\/69186\/revisions"}],"predecessor-version":[{"id":69188,"href":"https:\/\/zonaroja.com.mx\/index.php?rest_route=\/wp\/v2\/posts\/69186\/revisions\/69188"}],"wp:featuredmedia":[{"embeddable":true,"href":"https:\/\/zonaroja.com.mx\/index.php?rest_route=\/wp\/v2\/media\/69187"}],"wp:attachment":[{"href":"https:\/\/zonaroja.com.mx\/index.php?rest_route=%2Fwp%2Fv2%2Fmedia&parent=69186"}],"wp:term":[{"taxonomy":"category","embeddable":true,"href":"https:\/\/zonaroja.com.mx\/index.php?rest_route=%2Fwp%2Fv2%2Fcategories&post=69186"},{"taxonomy":"post_tag","embeddable":true,"href":"https:\/\/zonaroja.com.mx\/index.php?rest_route=%2Fwp%2Fv2%2Ftags&post=69186"}],"curies":[{"name":"wp","href":"https:\/\/api.w.org\/{rel}","templated":true}]}}