{"id":69194,"date":"2024-06-08T13:00:00","date_gmt":"2024-06-08T19:00:00","guid":{"rendered":"https:\/\/zonaroja.com.mx\/?p=69194"},"modified":"2024-06-08T07:50:09","modified_gmt":"2024-06-08T13:50:09","slug":"vinculan-a-proceso-a-dos-personas-por-agresion-a-periodistas-en-oaxaca","status":"publish","type":"post","link":"https:\/\/zonaroja.com.mx\/?p=69194","title":{"rendered":"Vinculan a proceso a dos personas por agresi\u00f3n a periodistas en Oaxaca"},"content":{"rendered":"\n<p>Redacci\u00f3n\/Zona Roja Cdmx.<\/p>\n\n\n\n<p>Ciudad de M\u00e9xico, a 8 de junio de 2024.- La Fiscal\u00eda General de la Rep\u00fablica (FGR), a trav\u00e9s de la Fiscal\u00eda Especial para la Atenci\u00f3n de Delitos cometidos contra la Libertad de Expresi\u00f3n (FEADLE), obtuvo vinculaci\u00f3n a proceso en contra de Javier \u201cG\u201d y Carlos \u201dM\u201d, quienes al momento de los hechos eran servidores p\u00fablicos de San Andr\u00e9s Huaxpaltepec, Oaxaca, por agresiones a un periodista.<\/p>\n\n\n\n<p>En un comunicado, el organismo explic\u00f3 que dicho caso \u201cdeviene de la presunta agresi\u00f3n en septiembre de 2020 que realiz\u00f3 Javier \u201cG\u201d, quien como presidente municipal de San Andr\u00e9s Huaxpaltepec, impidi\u00f3 a un periodista realizar su labor profesional, ya que no quer\u00eda que se dieran a conocer hechos de inter\u00e9s p\u00fablico.<\/p>\n\n\n\n<p>\u201cEn un segundo momento, en noviembre del mismo a\u00f1o, Carlos \u201cM\u201d, quien era encargado de la radio comunitaria dependiente de la presidencia municipal, abord\u00f3 al periodista para exigirle que dejara de criticar al presidente municipal y lo amenaz\u00f3 con causarle da\u00f1o\u201d.<\/p>\n\n\n\n<p>Con su conducta, indic\u00f3 la FGR, los servidores p\u00fablicos \u201cafectaron, limitaron y menoscabaron el derecho a la libertad de expresi\u00f3n del periodista y de la sociedad de la entidad en general, por lo que el Ministerio P\u00fablico Federal (MPF), formul\u00f3 imputaci\u00f3n por delitos contra la libertad de expresi\u00f3n comprendidos en el Art\u00edculo 424, del C\u00f3digo Penal del estado de Oaxaca.<\/p>\n\n\n\n<p>\u201cEn audiencia p\u00fablica, una vez que el MPF expuso y justific\u00f3 la existencia de datos de prueba suficientes para comprobar el hecho delictivo y la probable responsabilidad de los imputados, el Juez Federal, adscrito al Centro de Justicia Penal Federal, con sede en Hermosillo, Sonora, dict\u00f3 auto de vinculaci\u00f3n a proceso\u201d, se\u00f1al\u00f3.<\/p>\n\n\n\n<p>(Informaci\u00f3n de \u201cLa Jornada\u201d)<\/p>\n","protected":false},"excerpt":{"rendered":"<p>Redacci\u00f3n\/Zona Roja Cdmx. Ciudad de M\u00e9xico, a 8 de junio de 2024.- La Fiscal\u00eda General&hellip;<\/p>\n","protected":false},"author":2,"featured_media":64021,"comment_status":"closed","ping_status":"open","sticky":false,"template":"","format":"standard","meta":{"_lmt_disableupdate":"","_lmt_disable":"","_jetpack_memberships_contains_paid_content":false,"footnotes":""},"categories":[109,47],"tags":[1396],"class_list":["post-69194","post","type-post","status-publish","format-standard","has-post-thumbnail","hentry","category-minuto-a-minuto","category-zona-gris","tag-agresion-a-periodistas-oaxaca"],"jetpack_featured_media_url":"https:\/\/zonaroja.com.mx\/wp-content\/uploads\/2024\/01\/Periodismo-periodista-reporteros.jpg","jetpack_sharing_enabled":true,"_links":{"self":[{"href":"https:\/\/zonaroja.com.mx\/index.php?rest_route=\/wp\/v2\/posts\/69194","targetHints":{"allow":["GET"]}}],"collection":[{"href":"https:\/\/zonaroja.com.mx\/index.php?rest_route=\/wp\/v2\/posts"}],"about":[{"href":"https:\/\/zonaroja.com.mx\/index.php?rest_route=\/wp\/v2\/types\/post"}],"author":[{"embeddable":true,"href":"https:\/\/zonaroja.com.mx\/index.php?rest_route=\/wp\/v2\/users\/2"}],"replies":[{"embeddable":true,"href":"https:\/\/zonaroja.com.mx\/index.php?rest_route=%2Fwp%2Fv2%2Fcomments&post=69194"}],"version-history":[{"count":1,"href":"https:\/\/zonaroja.com.mx\/index.php?rest_route=\/wp\/v2\/posts\/69194\/revisions"}],"predecessor-version":[{"id":69195,"href":"https:\/\/zonaroja.com.mx\/index.php?rest_route=\/wp\/v2\/posts\/69194\/revisions\/69195"}],"wp:featuredmedia":[{"embeddable":true,"href":"https:\/\/zonaroja.com.mx\/index.php?rest_route=\/wp\/v2\/media\/64021"}],"wp:attachment":[{"href":"https:\/\/zonaroja.com.mx\/index.php?rest_route=%2Fwp%2Fv2%2Fmedia&parent=69194"}],"wp:term":[{"taxonomy":"category","embeddable":true,"href":"https:\/\/zonaroja.com.mx\/index.php?rest_route=%2Fwp%2Fv2%2Fcategories&post=69194"},{"taxonomy":"post_tag","embeddable":true,"href":"https:\/\/zonaroja.com.mx\/index.php?rest_route=%2Fwp%2Fv2%2Ftags&post=69194"}],"curies":[{"name":"wp","href":"https:\/\/api.w.org\/{rel}","templated":true}]}}