{"id":69196,"date":"2024-06-08T10:55:00","date_gmt":"2024-06-08T16:55:00","guid":{"rendered":"https:\/\/zonaroja.com.mx\/?p=69196"},"modified":"2024-06-08T07:58:46","modified_gmt":"2024-06-08T13:58:46","slug":"realizan-podas-preventivas-en-la-capital-de-oaxaca-ante-temporada-de-lluvias","status":"publish","type":"post","link":"https:\/\/zonaroja.com.mx\/?p=69196","title":{"rendered":"Realizan podas preventivas en la capital de Oaxaca, ante temporada de lluvias"},"content":{"rendered":"\n<p>Redacci\u00f3n\/Zona Roja.<\/p>\n\n\n\n<p>Oaxaca de Ju\u00e1rez, Oax., 8 de junio de 2024.- Con el objetivo de prevenir y atender ejemplares arb\u00f3reos de grandes dimensiones en temporada de lluvias, el ayuntamiento de Oaxaca de Ju\u00e1rez, a trav\u00e9s de la Secretar\u00eda de Medio Ambiente y Cambio Clim\u00e1tico y la colaboraci\u00f3n de dependencias municipales y estatales continuar\u00e1 con el \u201cPrograma Emergente de Podas de Gran Altura\u201d.&nbsp;<\/p>\n\n\n\n<p>El programa considera podar alrededor de 80 \u00e1rboles que miden entre 25 y 40 metros de altura que podr\u00edan representar un riesgo para la ciudadan\u00eda en d\u00edas de fuertes ventarrones y lluvias torrenciales y que se encuentran ubicados en importantes avenidas como Eduardo Vasconcelos, Her\u00f3ico Colegio Militar, Calzada Porfirio D\u00edaz, M\u00e9xico 68 y calzada de la Rep\u00fablica.&nbsp;<\/p>\n\n\n\n<p>De acuerdo con la secretaria de Medio Ambiente y Cambio Clim\u00e1tico, Elsa Ortiz Rodr\u00edguez, este programa se lleva a cabo desde el inicio de la administraci\u00f3n con el fin de prevenir situaciones de riesgo en esta temporada.&nbsp;<\/p>\n\n\n\n<p>\u201cNos hemos coordinado con todas las instancias participantes para acelerar el proceso del aclareo y poda de puntas de \u00e1rboles, y con ello aminorar el riesgo para las y los ciudadanos que transitan por estas importantes avenidas, el aclareo sirve para quitar lo tupido de las ramas bajas y de esta manera, al correr el viento este pueda entrar a trav\u00e9s de ellas\u201d, explic\u00f3 la secretaria de Medio Ambiente.&nbsp;<\/p>\n\n\n\n<p>En este programa colaboran tambi\u00e9n la Secretar\u00eda de Gobierno del municipio de Oaxaca de Ju\u00e1rez; la Secretar\u00eda de Seguridad Ciudadana, Movilidad y Protecci\u00f3n Civil; la Secretar\u00eda de Servicios Municipales; el Heroico Cuerpo de Bomberos del estado de Oaxaca; la Comisi\u00f3n Federal de Electricidad y Protecci\u00f3n Civil del estado de Oaxaca. Dichas acciones se reconocen como un&nbsp; esfuerzo conjunto para desarrollar planes de manejo adecuado del arbolado de la capital.&nbsp;<\/p>\n\n\n\n<p>Cabe se\u00f1alar que, se har\u00e1 un exhaustivo an\u00e1lisis que permitir\u00e1 conocer las especies arb\u00f3reas presentes, evaluar su salud y calidad, as\u00ed como implementar acciones y planes de trabajo espec\u00edficos para su cuidado y conservaci\u00f3n.<\/p>\n\n\n\n<p>Se insta a la ciudadan\u00eda a participar activamente en estas iniciativas, ya sea mediante la adopci\u00f3n de \u00e1rboles, la denuncia de situaciones de riesgo o la colaboraci\u00f3n en jornadas de reforestaci\u00f3n y mantenimiento.<\/p>\n","protected":false},"excerpt":{"rendered":"<p>Redacci\u00f3n\/Zona Roja. Oaxaca de Ju\u00e1rez, Oax., 8 de junio de 2024.- Con el objetivo de&hellip;<\/p>\n","protected":false},"author":2,"featured_media":68457,"comment_status":"closed","ping_status":"open","sticky":false,"template":"","format":"standard","meta":{"_lmt_disableupdate":"","_lmt_disable":"","_jetpack_memberships_contains_paid_content":false,"footnotes":""},"categories":[109,46],"tags":[148],"class_list":["post-69196","post","type-post","status-publish","format-standard","has-post-thumbnail","hentry","category-minuto-a-minuto","category-zona-blanca","tag-oaxaca-de-juarez"],"jetpack_featured_media_url":"https:\/\/zonaroja.com.mx\/wp-content\/uploads\/2024\/05\/Ciudad-de-Oaxaca.jpeg","jetpack_sharing_enabled":true,"_links":{"self":[{"href":"https:\/\/zonaroja.com.mx\/index.php?rest_route=\/wp\/v2\/posts\/69196","targetHints":{"allow":["GET"]}}],"collection":[{"href":"https:\/\/zonaroja.com.mx\/index.php?rest_route=\/wp\/v2\/posts"}],"about":[{"href":"https:\/\/zonaroja.com.mx\/index.php?rest_route=\/wp\/v2\/types\/post"}],"author":[{"embeddable":true,"href":"https:\/\/zonaroja.com.mx\/index.php?rest_route=\/wp\/v2\/users\/2"}],"replies":[{"embeddable":true,"href":"https:\/\/zonaroja.com.mx\/index.php?rest_route=%2Fwp%2Fv2%2Fcomments&post=69196"}],"version-history":[{"count":1,"href":"https:\/\/zonaroja.com.mx\/index.php?rest_route=\/wp\/v2\/posts\/69196\/revisions"}],"predecessor-version":[{"id":69197,"href":"https:\/\/zonaroja.com.mx\/index.php?rest_route=\/wp\/v2\/posts\/69196\/revisions\/69197"}],"wp:featuredmedia":[{"embeddable":true,"href":"https:\/\/zonaroja.com.mx\/index.php?rest_route=\/wp\/v2\/media\/68457"}],"wp:attachment":[{"href":"https:\/\/zonaroja.com.mx\/index.php?rest_route=%2Fwp%2Fv2%2Fmedia&parent=69196"}],"wp:term":[{"taxonomy":"category","embeddable":true,"href":"https:\/\/zonaroja.com.mx\/index.php?rest_route=%2Fwp%2Fv2%2Fcategories&post=69196"},{"taxonomy":"post_tag","embeddable":true,"href":"https:\/\/zonaroja.com.mx\/index.php?rest_route=%2Fwp%2Fv2%2Ftags&post=69196"}],"curies":[{"name":"wp","href":"https:\/\/api.w.org\/{rel}","templated":true}]}}