{"id":69216,"date":"2024-06-09T09:58:00","date_gmt":"2024-06-09T15:58:00","guid":{"rendered":"https:\/\/zonaroja.com.mx\/?p=69216"},"modified":"2024-06-09T07:04:28","modified_gmt":"2024-06-09T13:04:28","slug":"reconoce-gobierno-de-oaxaca-disposicion-del-magisterio-para-regresar-a-las-aulas","status":"publish","type":"post","link":"https:\/\/zonaroja.com.mx\/?p=69216","title":{"rendered":"Reconoce gobierno de Oaxaca disposici\u00f3n del magisterio para regresar a las aulas"},"content":{"rendered":"\n<p>Redacci\u00f3n\/Zona Roja.<\/p>\n\n\n\n<p>Oaxaca de Ju\u00e1rez, Oax., a 9 de junio de 2024.- El Gobierno del Estado, a trav\u00e9s del Instituto Estatal de Educaci\u00f3n P\u00fablica de Oaxaca (IEEPO), reconoce la disposici\u00f3n y voluntad pol\u00edtica de la Secci\u00f3n 22 del Sindicato Nacional de Trabajadores de la Educaci\u00f3n (SNTE) para recesar el paro de labores y retornar a clases en las escuelas de nivel b\u00e1sico el pr\u00f3ximo lunes 10 de junio.<\/p>\n\n\n\n<p>Atendiendo la instrucci\u00f3n del gobernador Salom\u00f3n Jara Cruz, de garantizar el orden y la paz social a trav\u00e9s del di\u00e1logo, el instituto continuar\u00e1 con el acompa\u00f1amiento en el proceso de atenci\u00f3n y b\u00fasqueda de respuestas a fondo de sus demandas, que hasta el momento presentan avances sustanciales en temas laborales, de seguridad social, justicia, entre otros, que hab\u00edan sido ignorados por varios a\u00f1os.<\/p>\n\n\n\n<p>Durante las primeras horas de este s\u00e1bado, una vez analizados los acuerdos alcanzados con los Gobiernos Federal y Estatal, la Secci\u00f3n 22 en Asamblea Estatal, como su m\u00e1ximo \u00f3rgano de direcci\u00f3n y toma de decisiones, determin\u00f3 culminar el paro de labores y retornar a sus actividades.<\/p>\n\n\n\n<p>El director general del IEEPO, Emilio Montero P\u00e9rez afirm\u00f3 que di\u00e1logo y la confianza siempre ser\u00e1n la mejor v\u00eda para construir y llegar a soluciones consensadas, por lo que refrend\u00f3 la prioridad de la administraci\u00f3n estatal para trabajar por la transformaci\u00f3n de la educaci\u00f3n en el estado en beneficio de ni\u00f1as, ni\u00f1os, adolescentes y j\u00f3venes.<\/p>\n\n\n\n<p>(Comunicado)<\/p>\n","protected":false},"excerpt":{"rendered":"<p>Redacci\u00f3n\/Zona Roja. Oaxaca de Ju\u00e1rez, Oax., a 9 de junio de 2024.- El Gobierno del&hellip;<\/p>\n","protected":false},"author":2,"featured_media":69217,"comment_status":"closed","ping_status":"open","sticky":false,"template":"","format":"standard","meta":{"_lmt_disableupdate":"","_lmt_disable":"","_jetpack_memberships_contains_paid_content":false,"footnotes":""},"categories":[109,46],"tags":[2577],"class_list":["post-69216","post","type-post","status-publish","format-standard","has-post-thumbnail","hentry","category-minuto-a-minuto","category-zona-blanca","tag-gobierno-de-estado-de-oaxaca"],"jetpack_featured_media_url":"https:\/\/zonaroja.com.mx\/wp-content\/uploads\/2024\/06\/Levanta-planton-Seccion-22.jpg","jetpack_sharing_enabled":true,"_links":{"self":[{"href":"https:\/\/zonaroja.com.mx\/index.php?rest_route=\/wp\/v2\/posts\/69216","targetHints":{"allow":["GET"]}}],"collection":[{"href":"https:\/\/zonaroja.com.mx\/index.php?rest_route=\/wp\/v2\/posts"}],"about":[{"href":"https:\/\/zonaroja.com.mx\/index.php?rest_route=\/wp\/v2\/types\/post"}],"author":[{"embeddable":true,"href":"https:\/\/zonaroja.com.mx\/index.php?rest_route=\/wp\/v2\/users\/2"}],"replies":[{"embeddable":true,"href":"https:\/\/zonaroja.com.mx\/index.php?rest_route=%2Fwp%2Fv2%2Fcomments&post=69216"}],"version-history":[{"count":1,"href":"https:\/\/zonaroja.com.mx\/index.php?rest_route=\/wp\/v2\/posts\/69216\/revisions"}],"predecessor-version":[{"id":69218,"href":"https:\/\/zonaroja.com.mx\/index.php?rest_route=\/wp\/v2\/posts\/69216\/revisions\/69218"}],"wp:featuredmedia":[{"embeddable":true,"href":"https:\/\/zonaroja.com.mx\/index.php?rest_route=\/wp\/v2\/media\/69217"}],"wp:attachment":[{"href":"https:\/\/zonaroja.com.mx\/index.php?rest_route=%2Fwp%2Fv2%2Fmedia&parent=69216"}],"wp:term":[{"taxonomy":"category","embeddable":true,"href":"https:\/\/zonaroja.com.mx\/index.php?rest_route=%2Fwp%2Fv2%2Fcategories&post=69216"},{"taxonomy":"post_tag","embeddable":true,"href":"https:\/\/zonaroja.com.mx\/index.php?rest_route=%2Fwp%2Fv2%2Ftags&post=69216"}],"curies":[{"name":"wp","href":"https:\/\/api.w.org\/{rel}","templated":true}]}}