{"id":69219,"date":"2024-06-09T11:04:00","date_gmt":"2024-06-09T17:04:00","guid":{"rendered":"https:\/\/zonaroja.com.mx\/?p=69219"},"modified":"2024-06-09T07:08:30","modified_gmt":"2024-06-09T13:08:30","slug":"matan-a-cinco-en-enfrentamiento-generaban-violencia-en-veracruz-y-oaxaca","status":"publish","type":"post","link":"https:\/\/zonaroja.com.mx\/?p=69219","title":{"rendered":"Matan a cinco en enfrentamiento; generaban violencia en Veracruz y Oaxaca"},"content":{"rendered":"\n<p>Redacci\u00f3n\/Zona Roja Cdmx.<\/p>\n\n\n\n<p>Ciudad de M\u00e9xico, a 9 de junio de 2024.- Una intensa balacera entre fuerzas policiales y un grupo delicuencial, en la zona selv\u00e1tica de Veracruz, dej\u00f3 este s\u00e1bado como saldo cinco presuntos delincuentes abatidos.<\/p>\n\n\n\n<p>Seg\u00fan fuentes policiales, entre las cinco v\u00edctimas, se encontraba un hombre identificado como Said \u201cN\u201d, alias \u201cEl Cuate\u201d, se\u00f1alado por autoridades como generador de violencia en los estados de Veracruz y Oaxaca.<\/p>\n\n\n\n<p>Los hechos ocurrieron en la madrugada del s\u00e1bado en una zona rural de Santiago Sochiapan, ubicado al sur del estado, donde elementos de la Fuerza Civil, el grupo \u00e9lite de la Secretar\u00eda de Seguridad P\u00fablica Estatal, atendieron un llamado de alerta por la presencia de hombres armados.<\/p>\n\n\n\n<p>Al acudir al sitio, los elementos fueron recibidos a balazos por un comando armado, lo que gener\u00f3 un fuerte enfrentamiento que dej\u00f3 cinco muertos, entre ellos una mujer, de los que se presume que todos son delincuentes.<\/p>\n\n\n\n<p>Fuentes oficiales identificaron entre los abatidos a \u201cEl Cuate\u201d&nbsp;como un generador de violencia, dedicado al secuestro, extorsi\u00f3n, distribuci\u00f3n de drogas y cobro de piso a empresarios.<\/p>\n\n\n\n<p>Veracruz es una regi\u00f3n que durante m\u00e1s de dos d\u00e9cadas ha sufrido los estertores de la violencia relacionada con la operaci\u00f3n de bandas del narcotr\u00e1fico.<\/p>\n\n\n\n<p>Durante el presente a\u00f1o, antes de las elecciones del 2 de junio, hubo una escalada de violencia y cr\u00edmenes de alto impacto, como en enero, cuando fueron abandonados ocho cuerpos de personas descuartizados en el puerto de Tuxpan, al norte de Veracruz.<\/p>\n\n\n\n<p>En febrero, siete personas fueron asesinadas a tiros cuando viajaban en una camioneta en el municipio de Acultzingo, en la regi\u00f3n monta\u00f1osa central; y en marzo, los cuerpos de cuatro personas fueron abandonados en el puerto de Tuxpan.<\/p>\n\n\n\n<p>La organizaci\u00f3n civil Causa en Com\u00fan, la cual lleva un recuento de violencia extrema en todo el pa\u00eds, document\u00f3, en 2023, m\u00e1s de 2 mil v\u00edctimas en Veracruz.<\/p>\n\n\n\n<p>Y contabiliz\u00f3 al menos 260 casos que considera como atrocidades: asesinatos con crueldad extrema 52; tortura 48 casos; mutilaci\u00f3n, descuartizamiento y destrucci\u00f3n de cad\u00e1veres un total de 35 casos.<\/p>\n\n\n\n<p>(Con informaci\u00f3n de EFE, en L\u00f3pez-D\u00f3riga Digital)<\/p>\n","protected":false},"excerpt":{"rendered":"<p>Redacci\u00f3n\/Zona Roja Cdmx. Ciudad de M\u00e9xico, a 9 de junio de 2024.- Una intensa balacera&hellip;<\/p>\n","protected":false},"author":2,"featured_media":69220,"comment_status":"closed","ping_status":"open","sticky":false,"template":"","format":"standard","meta":{"_lmt_disableupdate":"","_lmt_disable":"","_jetpack_memberships_contains_paid_content":false,"footnotes":""},"categories":[109,51],"tags":[99],"class_list":["post-69219","post","type-post","status-publish","format-standard","has-post-thumbnail","hentry","category-minuto-a-minuto","category-zona-roja","tag-veracruz"],"jetpack_featured_media_url":"https:\/\/zonaroja.com.mx\/wp-content\/uploads\/2024\/06\/Enfrentamiento-Sochiapan-Veracruz.jpeg","jetpack_sharing_enabled":true,"_links":{"self":[{"href":"https:\/\/zonaroja.com.mx\/index.php?rest_route=\/wp\/v2\/posts\/69219","targetHints":{"allow":["GET"]}}],"collection":[{"href":"https:\/\/zonaroja.com.mx\/index.php?rest_route=\/wp\/v2\/posts"}],"about":[{"href":"https:\/\/zonaroja.com.mx\/index.php?rest_route=\/wp\/v2\/types\/post"}],"author":[{"embeddable":true,"href":"https:\/\/zonaroja.com.mx\/index.php?rest_route=\/wp\/v2\/users\/2"}],"replies":[{"embeddable":true,"href":"https:\/\/zonaroja.com.mx\/index.php?rest_route=%2Fwp%2Fv2%2Fcomments&post=69219"}],"version-history":[{"count":1,"href":"https:\/\/zonaroja.com.mx\/index.php?rest_route=\/wp\/v2\/posts\/69219\/revisions"}],"predecessor-version":[{"id":69221,"href":"https:\/\/zonaroja.com.mx\/index.php?rest_route=\/wp\/v2\/posts\/69219\/revisions\/69221"}],"wp:featuredmedia":[{"embeddable":true,"href":"https:\/\/zonaroja.com.mx\/index.php?rest_route=\/wp\/v2\/media\/69220"}],"wp:attachment":[{"href":"https:\/\/zonaroja.com.mx\/index.php?rest_route=%2Fwp%2Fv2%2Fmedia&parent=69219"}],"wp:term":[{"taxonomy":"category","embeddable":true,"href":"https:\/\/zonaroja.com.mx\/index.php?rest_route=%2Fwp%2Fv2%2Fcategories&post=69219"},{"taxonomy":"post_tag","embeddable":true,"href":"https:\/\/zonaroja.com.mx\/index.php?rest_route=%2Fwp%2Fv2%2Ftags&post=69219"}],"curies":[{"name":"wp","href":"https:\/\/api.w.org\/{rel}","templated":true}]}}