{"id":69229,"date":"2024-06-09T14:22:00","date_gmt":"2024-06-09T20:22:00","guid":{"rendered":"https:\/\/zonaroja.com.mx\/?p=69229"},"modified":"2024-06-09T07:25:26","modified_gmt":"2024-06-09T13:25:26","slug":"inicia-el-dif-en-oaxaca-la-consulta-nacional-me-escuchas-2024","status":"publish","type":"post","link":"https:\/\/zonaroja.com.mx\/?p=69229","title":{"rendered":"Inicia el DIF en Oaxaca la Consulta Nacional \u00bfMe escuchas? 2024"},"content":{"rendered":"\n<p>Redacci\u00f3n\/Zona Roja.&nbsp;<\/p>\n\n\n\n<p>Oaxaca de Ju\u00e1rez, Oax., a 9 de junio de 2024.- Las ni\u00f1as, ni\u00f1os y adolescentes tienen mucho que decir y su voz es valiosa, de ah\u00ed el inter\u00e9s del Sistema Nacional (SNDIF) y el Estatal para el Desarrollo Integral de la Familia (DIF Oaxaca) de implementar del 8 de junio al 14 de julio la Consulta Nacional \u00bfMe escuchas? 2024, en las ocho regiones de la entidad.<\/p>\n\n\n\n<p>En el evento de arranque realizado en el jard\u00edn \u201cEl Pa\u00f1uelito\u201d de la capital oaxaque\u00f1a, la presidenta honoraria del organismo estatal, Irma Bola\u00f1os Quijano, el equipo directivo y delegados educativos, escucharon con atenci\u00f3n los puntos de vista de la ni\u00f1ez y adolescencia que acudi\u00f3 a participar en esta encuesta que pretende conocer qu\u00e9 les hace felices y qu\u00e9 les pone tristes.<\/p>\n\n\n\n<p>Con esta din\u00e1mica de explicaci\u00f3n acerca de c\u00f3mo pueden participar, se conoci\u00f3 en un primer momento que les gusta la lectura, el f\u00fatbol, jugar, entre otros intereses y les pone tristes la p\u00e9rdida de sus mascotas, la contaminaci\u00f3n, la violencia, entre otros temas.<\/p>\n\n\n\n<p>De ah\u00ed la importancia que la ni\u00f1ez y adolescencia entre 3 y 17 a\u00f1os conozcan la manera de participar, ya sea a trav\u00e9s de los m\u00f3dulos de apoyo que se colocar\u00e1n en el Paseo Ju\u00e1rez \u201cEl Llano\u201d, Jard\u00edn Conzatti, Plaza de la Danza y el z\u00f3calo capitalino, en un horario de 9:00 a 18:00 horas.<\/p>\n\n\n\n<figure class=\"wp-block-embed is-type-rich is-provider-twitter wp-block-embed-twitter\"><div class=\"wp-block-embed__wrapper\">\n<div class=\"twitter-tweet\"><blockquote class=\"twitter-tweet\" data-lang=\"es\"><p lang=\"es\" dir=\"ltr\">Arrancamos la Consulta Nacional de Ni\u00f1as, Ni\u00f1os y Adolescentes \u00bfMe escuchas? 2024.\ud83d\uddf3\ufe0f<br><br>Recuerda compartirnos tus ideas, opiniones y expresiones ingresando a: <a href=\"https:\/\/t.co\/DynGS86cQO\">https:\/\/t.co\/DynGS86cQO<\/a>. <br><br>\u00a1Tu opini\u00f3n suma a la acci\u00f3n! <a href=\"https:\/\/twitter.com\/hashtag\/MeEscuchas2024?src=hash&amp;ref_src=twsrc%5Etfw\">#MeEscuchas2024<\/a><a href=\"https:\/\/twitter.com\/hashtag\/NadieSeQuedaAtr%C3%A1sNadieSeQuedaAfuera?src=hash&amp;ref_src=twsrc%5Etfw\">#NadieSeQuedaAtr\u00e1sNadieSeQuedaAfuera<\/a> <a href=\"https:\/\/t.co\/I6FKd0iafF\">pic.twitter.com\/I6FKd0iafF<\/a><\/p>&mdash; DIF Oaxaca (@DIF_Oaxaca) <a href=\"https:\/\/twitter.com\/DIF_Oaxaca\/status\/1799547277909889529?ref_src=twsrc%5Etfw\">8 de junio de 2024<\/a><\/blockquote><\/div>\n<\/div><\/figure>\n\n\n\n<p>Tambi\u00e9n, al ingresar al sitio web:https:\/\/meescuchas.dif.gob.mx mediante un tel\u00e9fono celular, tableta o computadora, donde acceder\u00e1n al apartado para hacer un dibujo sobre lo que les hace felices y les pone tristes, o bien, rellenar el cuestionario que incluye preguntas sobre lo que desean para mejorar el lugar donde viven, qu\u00e9 hacen para navegar en internet, qu\u00e9 es para ellas y ellos la paz, y c\u00f3mo la pueden promover en la sociedad.<\/p>\n\n\n\n<p>La directora general del Sistema DIF Oaxaca, Maribel Salinas Velasco destac\u00f3 que a trav\u00e9s de este ejercicio de participaci\u00f3n, el Sistema DIF Oaxaca conocer\u00e1 lo que es importante para este sector de la poblaci\u00f3n, adem\u00e1s de hacer efectivo el derecho a la libertad de expresi\u00f3n y de acceso a la informaci\u00f3n.<\/p>\n\n\n\n<p>\u201cLos resultados permitir\u00e1n dise\u00f1ar y ejecutar pol\u00edticas p\u00fablicas que les atiendan, toda vez que es fundamental generar acciones que aborden el eje 10 de la Agenda de la Consulta, que se centra en la promoci\u00f3n y difusi\u00f3n de sus derechos\u201d, destac\u00f3.<\/p>\n\n\n\n<p>En este ambiente festivo, ni\u00f1as y ni\u00f1os participaron en la presentaci\u00f3n de la Danza de la Pluma de Cuil\u00e1pam de Guerrero y los Zancudos de la Villa de Zaachila. El encuentro tambi\u00e9n incluy\u00f3 din\u00e1micas divertidas y una edici\u00f3n de Minutos para Imaginar, programa que incentiva el gusto por la lectura.<\/p>\n\n\n\n<p>Es de destacar que en la Consulta Nacional \u00bfMe escuchas? 2022 se cont\u00f3 con la participaci\u00f3n de 10 mil ni\u00f1as, ni\u00f1os y adolescentes de Oaxaca, y en este 2024 se busca superar la meta con el apoyo de las personas adultas para motivarles a participar en esta consulta que suma a la acci\u00f3n.<\/p>\n","protected":false},"excerpt":{"rendered":"<p>Redacci\u00f3n\/Zona Roja.&nbsp; Oaxaca de Ju\u00e1rez, Oax., a 9 de junio de 2024.- Las ni\u00f1as, ni\u00f1os&hellip;<\/p>\n","protected":false},"author":2,"featured_media":69230,"comment_status":"closed","ping_status":"open","sticky":false,"template":"","format":"standard","meta":{"_lmt_disableupdate":"","_lmt_disable":"","_jetpack_memberships_contains_paid_content":false,"footnotes":""},"categories":[109,46],"tags":[3682],"class_list":["post-69229","post","type-post","status-publish","format-standard","has-post-thumbnail","hentry","category-minuto-a-minuto","category-zona-blanca","tag-irma-bolanos-quijano"],"jetpack_featured_media_url":"https:\/\/zonaroja.com.mx\/wp-content\/uploads\/2024\/06\/Irma-Bolanos-consulta-DIF.jpeg","jetpack_sharing_enabled":true,"_links":{"self":[{"href":"https:\/\/zonaroja.com.mx\/index.php?rest_route=\/wp\/v2\/posts\/69229","targetHints":{"allow":["GET"]}}],"collection":[{"href":"https:\/\/zonaroja.com.mx\/index.php?rest_route=\/wp\/v2\/posts"}],"about":[{"href":"https:\/\/zonaroja.com.mx\/index.php?rest_route=\/wp\/v2\/types\/post"}],"author":[{"embeddable":true,"href":"https:\/\/zonaroja.com.mx\/index.php?rest_route=\/wp\/v2\/users\/2"}],"replies":[{"embeddable":true,"href":"https:\/\/zonaroja.com.mx\/index.php?rest_route=%2Fwp%2Fv2%2Fcomments&post=69229"}],"version-history":[{"count":1,"href":"https:\/\/zonaroja.com.mx\/index.php?rest_route=\/wp\/v2\/posts\/69229\/revisions"}],"predecessor-version":[{"id":69231,"href":"https:\/\/zonaroja.com.mx\/index.php?rest_route=\/wp\/v2\/posts\/69229\/revisions\/69231"}],"wp:featuredmedia":[{"embeddable":true,"href":"https:\/\/zonaroja.com.mx\/index.php?rest_route=\/wp\/v2\/media\/69230"}],"wp:attachment":[{"href":"https:\/\/zonaroja.com.mx\/index.php?rest_route=%2Fwp%2Fv2%2Fmedia&parent=69229"}],"wp:term":[{"taxonomy":"category","embeddable":true,"href":"https:\/\/zonaroja.com.mx\/index.php?rest_route=%2Fwp%2Fv2%2Fcategories&post=69229"},{"taxonomy":"post_tag","embeddable":true,"href":"https:\/\/zonaroja.com.mx\/index.php?rest_route=%2Fwp%2Fv2%2Ftags&post=69229"}],"curies":[{"name":"wp","href":"https:\/\/api.w.org\/{rel}","templated":true}]}}