{"id":69236,"date":"2024-06-09T18:48:44","date_gmt":"2024-06-10T00:48:44","guid":{"rendered":"https:\/\/zonaroja.com.mx\/?p=69236"},"modified":"2024-06-09T18:48:46","modified_gmt":"2024-06-10T00:48:46","slug":"matan-y-calcinan-a-individuo-en-su-vehiculo-en-miahuatlan-oaxaca","status":"publish","type":"post","link":"https:\/\/zonaroja.com.mx\/?p=69236","title":{"rendered":"Matan y calcinan a individuo en su veh\u00edculo, en Miahuatl\u00e1n, Oaxaca"},"content":{"rendered":"\n<p>Ismael Garc\u00eda M.\/Zona Roja.<\/p>\n\n\n\n<p>Oaxaca de Ju\u00e1rez, Oax., a 9 de junio de 2024.- Una persona del sexo masculino fue ejecutada a balazos y luego calcinada en su unidad de motor, esta madrugada en Miahuatl\u00e1n de Porfirio D\u00edaz.<\/p>\n\n\n\n<p>El veh\u00edculo fue localizado sobre la carretera a Sitio de Xitlapehua de dicho municipio de la regi\u00f3n Sierra Sur de Oaxaca y personal policiaco intent\u00f3 apagar el fuego, pero las llamas lo consumieron en su totalidad.<\/p>\n\n\n\n<p>Luego de ello, al revisar la cajuela, localizaron el cuerpo de una persona, aparentemente decapitado y con impactos de arma de fuego.<\/p>\n\n\n\n<p>Personal de la Fiscal\u00eda General del Estado de Oaxaca arrib\u00f3 al sitio para iniciar las indagatorias y hasta el momento se desconoce la identidad de la v\u00edctima.<\/p>\n\n\n\n<p>EN XADANI<\/p>\n\n\n\n<p>Por otra parte, en la localidad de Santa Mar\u00eda Xadani, agencia municipal de San Miguel El Puerto, fue asesinada a balazos una persona, que en vida respondi\u00f3 al nombre de Ildefonso M. J.<\/p>\n\n\n\n<p>Presuntamente fue derivado de una ri\u00f1a en el interior de un bar de dicha poblaci\u00f3n coste\u00f1a\u00a0 y hasta el momento se desconoce el paradero del agresor.<\/p>\n\n\n\n<figure class=\"wp-block-embed is-type-rich is-provider-twitter wp-block-embed-twitter\"><div class=\"wp-block-embed__wrapper\">\n<div class=\"twitter-tweet\"><blockquote class=\"twitter-tweet\" data-lang=\"es\"><p lang=\"es\" dir=\"ltr\">Una persona fue asesinada y su cuerpo calcinado junto con un veh\u00edculo, la madrugada de este domingo en jurisdicci\u00f3n de <a href=\"https:\/\/twitter.com\/hashtag\/Miahuatl%C3%A1n?src=hash&amp;ref_src=twsrc%5Etfw\">#Miahuatl\u00e1n<\/a> de Porfirio D\u00edaz, municipio de la regi\u00f3n Sierra Sur de Oaxaca. <br>Video y fotos: Ojo de Agua. <a href=\"https:\/\/t.co\/boioKUTFcY\">pic.twitter.com\/boioKUTFcY<\/a><\/p>&mdash; Zona Roja Oaxaca (@ZonaRoja_Oaxaca) <a href=\"https:\/\/twitter.com\/ZonaRoja_Oaxaca\/status\/1799860681573019981?ref_src=twsrc%5Etfw\">9 de junio de 2024<\/a><\/blockquote><\/div>\n<\/div><\/figure>\n","protected":false},"excerpt":{"rendered":"<p>Ismael Garc\u00eda M.\/Zona Roja. Oaxaca de Ju\u00e1rez, Oax., a 9 de junio de 2024.- Una&hellip;<\/p>\n","protected":false},"author":2,"featured_media":69237,"comment_status":"closed","ping_status":"open","sticky":false,"template":"","format":"standard","meta":{"_lmt_disableupdate":"","_lmt_disable":"","_jetpack_memberships_contains_paid_content":false,"footnotes":""},"categories":[109,51],"tags":[169],"class_list":["post-69236","post","type-post","status-publish","format-standard","has-post-thumbnail","hentry","category-minuto-a-minuto","category-zona-roja","tag-miahuatlan-de-porfirio-diaz"],"jetpack_featured_media_url":"https:\/\/zonaroja.com.mx\/wp-content\/uploads\/2024\/06\/Asesinado-y-calcinado-Miahuatlan.jpeg","jetpack_sharing_enabled":true,"_links":{"self":[{"href":"https:\/\/zonaroja.com.mx\/index.php?rest_route=\/wp\/v2\/posts\/69236","targetHints":{"allow":["GET"]}}],"collection":[{"href":"https:\/\/zonaroja.com.mx\/index.php?rest_route=\/wp\/v2\/posts"}],"about":[{"href":"https:\/\/zonaroja.com.mx\/index.php?rest_route=\/wp\/v2\/types\/post"}],"author":[{"embeddable":true,"href":"https:\/\/zonaroja.com.mx\/index.php?rest_route=\/wp\/v2\/users\/2"}],"replies":[{"embeddable":true,"href":"https:\/\/zonaroja.com.mx\/index.php?rest_route=%2Fwp%2Fv2%2Fcomments&post=69236"}],"version-history":[{"count":1,"href":"https:\/\/zonaroja.com.mx\/index.php?rest_route=\/wp\/v2\/posts\/69236\/revisions"}],"predecessor-version":[{"id":69238,"href":"https:\/\/zonaroja.com.mx\/index.php?rest_route=\/wp\/v2\/posts\/69236\/revisions\/69238"}],"wp:featuredmedia":[{"embeddable":true,"href":"https:\/\/zonaroja.com.mx\/index.php?rest_route=\/wp\/v2\/media\/69237"}],"wp:attachment":[{"href":"https:\/\/zonaroja.com.mx\/index.php?rest_route=%2Fwp%2Fv2%2Fmedia&parent=69236"}],"wp:term":[{"taxonomy":"category","embeddable":true,"href":"https:\/\/zonaroja.com.mx\/index.php?rest_route=%2Fwp%2Fv2%2Fcategories&post=69236"},{"taxonomy":"post_tag","embeddable":true,"href":"https:\/\/zonaroja.com.mx\/index.php?rest_route=%2Fwp%2Fv2%2Ftags&post=69236"}],"curies":[{"name":"wp","href":"https:\/\/api.w.org\/{rel}","templated":true}]}}