{"id":6924,"date":"2019-12-24T07:33:29","date_gmt":"2019-12-24T13:33:29","guid":{"rendered":"http:\/\/www.zonaroja.com.mx\/?p=6924"},"modified":"2019-12-24T07:33:32","modified_gmt":"2019-12-24T13:33:32","slug":"calla-fiscalia-general-sobre-probable-autor-intelectual-de-ataque-a-saxofonista","status":"publish","type":"post","link":"https:\/\/zonaroja.com.mx\/?p=6924","title":{"rendered":"Calla Fiscal\u00eda General sobre probable autor intelectual de ataque a saxofonista"},"content":{"rendered":"\n<p>Redacci\u00f3n\/Zona\nRoja.<\/p>\n\n\n\n<p>Oaxaca de\nJu\u00e1rez, Oax., 24 de diciembre de 2019.- Uno de los presuntos autores materiales\ndel ataque con \u00e1cido a la joven saxofonista se refugiaba en San Andr\u00e9s\nHuay\u00e1pam, municipio conurbado a la ciudad de Oaxaca, confirm\u00f3 la Fiscal\u00eda\nGeneral del Estado.<\/p>\n\n\n\n<p>Sin\nembargo, durante la conferencia de prensa efectuada anoche, el titular de la\ndependencia, Rub\u00e9n Vasconcelos M\u00e9ndez, evit\u00f3 dar datos acerca del se\u00f1alamiento\nde la familia en contra del empresario y ex diputado local Juan Antonio Vera\nCarrizal, probable autor intelectual con \u00e1cido sulf\u00farico, de los hechos\nocurridos el 9 de septiembre de 2019 en Huaujuapan de Le\u00f3n.<\/p>\n\n\n\n<p>De acuerdo con la Fiscal\u00eda, ayer lunes en el entronque de la carretera que conduce a San Andr\u00e9s Huay\u00e1pam, en la colonia 14 de Febrero, se logr\u00f3 la aprehensi\u00f3n de un masculino identificado como P. H. Y., se\u00f1alado como probable responsable del delito de tentativa de feminicidio en agravio de la joven Mar\u00eda Elena R\u00edos Ortiz.<\/p>\n\n\n\n<figure class=\"wp-block-embed-twitter wp-block-embed is-type-rich is-provider-twitter\"><div class=\"wp-block-embed__wrapper\">\n<div class=\"twitter-tweet\"><blockquote class=\"twitter-tweet\" data-lang=\"es\"><p lang=\"es\" dir=\"ltr\">En San Andr\u00e9s Huay\u00e1pam, municipio conurbado a la capital oaxaque\u00f1a, fue aprehendido P. H. Y., un presunto autor material del ataque contra la saxofonista Mar\u00eda Elena, inform\u00f3 esta noche la <a href=\"https:\/\/twitter.com\/FISCALIA_GobOax?ref_src=twsrc%5Etfw\">@FISCALIA_GobOax<\/a>. <a href=\"https:\/\/t.co\/NRJvDLfNqb\">pic.twitter.com\/NRJvDLfNqb<\/a><\/p>&mdash; Zona Roja Oaxaca (@MexRoja) <a href=\"https:\/\/twitter.com\/MexRoja\/status\/1209313263676092416?ref_src=twsrc%5Etfw\">24 de diciembre de 2019<\/a><\/blockquote><\/div>\n<\/div><\/figure>\n\n\n\n<p>Paralela\na ello, se realiz\u00f3 un cateo mediante orden dictada por el Juez de Control del\nDistrito Judicial de Tanivet, en el domicilio particular del imputado ubicado\nen la misma colonia 14 de febrero, \u201cdonde se aseguraron diversos aparatos de\ncomunicaci\u00f3n, as\u00ed como ropa (dos pares de botas, una camisa manga corta y un\npantal\u00f3n de mezclilla) que probablemente utiliz\u00f3 el imputado el d\u00eda de los\nhechos, seg\u00fan se observa en el video recabado\u201d.<\/p>\n\n\n\n<p>De\nacuerdo con la causa penal 553\/2019, el 6 de septiembre de 2019, aproximadamente\na las 15:46 horas, la v\u00edctima recibi\u00f3 una llamada telef\u00f3nica de una persona del\nsexo masculino, quien le solicit\u00f3 sus servicios para el tr\u00e1mite de una Visa,\nagend\u00e1ndose una cita para el 9 de septiembre a las 10:00 horas en el domicilio\ny negocio de la agraviada, ubicado en la ciudad de Huajuapan de Le\u00f3n.<\/p>\n\n\n\n<p>El 9 de\nseptiembre, la joven recibi\u00f3 un mensaje de la persona que hab\u00eda agendando la\ncita y aproximadamente a las 10:10 horas, arrib\u00f3 un sujeto que se identific\u00f3\ncomo R. L., quien despu\u00e9s de cruzar unas palabras con la v\u00edctima, le roc\u00edo\n\u00e1cido sulf\u00farico sobre el rostro y cuerpo.<\/p>\n\n\n\n<p>No fue\nsino hasta tres meses despu\u00e9s en que, tras la difusi\u00f3n medi\u00e1tica estatal,\nnacional e internacional, en que la Fiscal\u00eda General del Estado, a trav\u00e9s de la\nVicefiscal\u00eda Regional de la Mixteca, que puso atenci\u00f3n al caso.<\/p>\n\n\n\n<p>De la\nmisma manera, hasta entonces el Gobierno del Estado reaccion\u00f3 para brindar\natenci\u00f3n m\u00e9dica especializada a Mar\u00eda Elena, y trasladarla a un hospital de la\nCiudad de M\u00e9xico.<\/p>\n\n\n\n<p>Seg\u00fan la\nFiscal\u00eda, el imputado fue trasladado en el transcurso de la tarde de este 23 de\ndiciembre a la ciudad de Huajuapan de Le\u00f3n, para ser puesto a disposici\u00f3n del\nJuez, a fin de resolver su situaci\u00f3n jur\u00eddica en las pr\u00f3ximas horas.<\/p>\n","protected":false},"excerpt":{"rendered":"<p>Redacci\u00f3n\/Zona Roja. Oaxaca de Ju\u00e1rez, Oax., 24 de diciembre de 2019.- Uno de los presuntos&hellip;<\/p>\n","protected":false},"author":2,"featured_media":6925,"comment_status":"closed","ping_status":"open","sticky":false,"template":"","format":"standard","meta":{"_lmt_disableupdate":"","_lmt_disable":"","_jetpack_memberships_contains_paid_content":false,"footnotes":""},"categories":[109,51],"tags":[494,1124],"class_list":["post-6924","post","type-post","status-publish","format-standard","has-post-thumbnail","hentry","category-minuto-a-minuto","category-zona-roja","tag-fiscalia-general-del-estado-de-oaxaca","tag-maria-elena-rios-ortiz"],"jetpack_featured_media_url":"https:\/\/zonaroja.com.mx\/wp-content\/uploads\/2019\/12\/Conferencia-FGEO.jpg","jetpack_sharing_enabled":true,"_links":{"self":[{"href":"https:\/\/zonaroja.com.mx\/index.php?rest_route=\/wp\/v2\/posts\/6924","targetHints":{"allow":["GET"]}}],"collection":[{"href":"https:\/\/zonaroja.com.mx\/index.php?rest_route=\/wp\/v2\/posts"}],"about":[{"href":"https:\/\/zonaroja.com.mx\/index.php?rest_route=\/wp\/v2\/types\/post"}],"author":[{"embeddable":true,"href":"https:\/\/zonaroja.com.mx\/index.php?rest_route=\/wp\/v2\/users\/2"}],"replies":[{"embeddable":true,"href":"https:\/\/zonaroja.com.mx\/index.php?rest_route=%2Fwp%2Fv2%2Fcomments&post=6924"}],"version-history":[{"count":1,"href":"https:\/\/zonaroja.com.mx\/index.php?rest_route=\/wp\/v2\/posts\/6924\/revisions"}],"predecessor-version":[{"id":6926,"href":"https:\/\/zonaroja.com.mx\/index.php?rest_route=\/wp\/v2\/posts\/6924\/revisions\/6926"}],"wp:featuredmedia":[{"embeddable":true,"href":"https:\/\/zonaroja.com.mx\/index.php?rest_route=\/wp\/v2\/media\/6925"}],"wp:attachment":[{"href":"https:\/\/zonaroja.com.mx\/index.php?rest_route=%2Fwp%2Fv2%2Fmedia&parent=6924"}],"wp:term":[{"taxonomy":"category","embeddable":true,"href":"https:\/\/zonaroja.com.mx\/index.php?rest_route=%2Fwp%2Fv2%2Fcategories&post=6924"},{"taxonomy":"post_tag","embeddable":true,"href":"https:\/\/zonaroja.com.mx\/index.php?rest_route=%2Fwp%2Fv2%2Ftags&post=6924"}],"curies":[{"name":"wp","href":"https:\/\/api.w.org\/{rel}","templated":true}]}}