{"id":69240,"date":"2024-06-09T20:18:02","date_gmt":"2024-06-10T02:18:02","guid":{"rendered":"https:\/\/zonaroja.com.mx\/?p=69240"},"modified":"2024-06-09T20:18:04","modified_gmt":"2024-06-10T02:18:04","slug":"protestan-oaxaquenos-en-cdmx-para-exigir-mas-apoyo-al-combate-a-incendios-forestales","status":"publish","type":"post","link":"https:\/\/zonaroja.com.mx\/?p=69240","title":{"rendered":"Protestan oaxaque\u00f1os en Cdmx para exigir m\u00e1s apoyo al combate a incendios forestales"},"content":{"rendered":"\n<p>Redacci\u00f3n\/Zona Roja Cdmx.<\/p>\n\n\n\n<p>Ciudad de M\u00e9xico, a 9 de junio de 2024.- Integrantes de la comunidad&nbsp; mazateca en la Ciudad de M\u00e9xico, realizaron acciones de protesta en las inmediaciones del Palacio Nacional, as\u00ed como un bloqueo frente al Palacio de Bellas Artes, para exigir que el gobierno federal y la Comisi\u00f3n Nacional Forestal (Conafor), los apoyen para sofocar una serie de incendios forestales en la Sierra Mazateca de Oaxaca.<\/p>\n\n\n\n<p>De acuerdo con los manifestantes, que esta semana realizaron una protesta en Palacio Nacional y bloqueos sobre la calzada Ignacio Zaragoza, los incendios se han vuelto insofocables debido a que ocurren en zonas de dif\u00edcil acceso, pero con gran vegetaci\u00f3n y fauna.<\/p>\n\n\n\n<p>Aunado a eso, la regi\u00f3n ind\u00edgena enfrenta una sequ\u00eda y al d\u00eda de hoy tres municipios ya tienen este problema: Santa Mar\u00eda Chilchotla, Huautla de Jim\u00e9nez y San Jos\u00e9 Tenango, el m\u00e1s afectado. Su petici\u00f3n es un helic\u00f3ptero que les permita sofocar los incendios.<\/p>\n\n\n\n<p>Con letreros que rezan frases como \u00ab\u00a1Ayuda, ayuda, ayuda! \u00a1Queremos justicia! \u00a1Tenango necesita apoyo a\u00e9reo!, \u00a1La sierra se est\u00e1 quemando!\u00bb, los manifestantes, quienes dejaron sus comunidades en Oaxaca para pedir ayuda en la capital del pa\u00eds, acusan a inacci\u00f3n de las autoridades estatales, a cargo de Salom\u00f3n Jara.<\/p>\n\n\n\n<p>El viernes pasado, los mazatecos tuvieron una mesa de di\u00e1logo en Palacio Nacional, donde las autoridades federales,&nbsp;a trav\u00e9s de Conafor, se comprometieron a brindarles un helic\u00f3ptero de ayuda y brigadistas, pero a la fecha no se ha cumplido el acuerdo, mientras miles de hect\u00e1reas con flora y fauna mueren quemadas.<\/p>\n\n\n\n<p>AYER TAMBI\u00c9N<\/p>\n\n\n\n<p>Ayer realizaron un bloqueo sobre la calzada Ignacio Zaragoza a la altura del Metro Tepalcaltes, para exigir que el gobierno federal y la Comisi\u00f3n Nacional Forestal (Conafor), los apoyen para sofocar una serie de incendios en la Sierra Mazateca de Oaxaca.<\/p>\n\n\n\n<p>Con letreros que rezan frases como \u00ab\u00a1Ayuda, ayuda, ayuda! \u00a1Queremos justicia! \u00a1Tenango necesita apoyo a\u00e9reo!, \u00a1La sierra se est\u00e1 quemando!\u00bb, los manifestantes reaalizan las protestas por segundo d\u00eda consecutivo en la Ciudad de M\u00e9xico y Estado de M\u00e9xico, ante la inacci\u00f3n de las autoridades estatales, a cargo de Salom\u00f3n Jara.<\/p>\n\n\n\n<p>(Informaci\u00f3n y foto de Naci\u00f3n 321)<\/p>\n","protected":false},"excerpt":{"rendered":"<p>Redacci\u00f3n\/Zona Roja Cdmx. Ciudad de M\u00e9xico, a 9 de junio de 2024.- Integrantes de la&hellip;<\/p>\n","protected":false},"author":2,"featured_media":69241,"comment_status":"closed","ping_status":"open","sticky":false,"template":"","format":"standard","meta":{"_lmt_disableupdate":"","_lmt_disable":"","_jetpack_memberships_contains_paid_content":false,"footnotes":""},"categories":[109,47],"tags":[3452],"class_list":["post-69240","post","type-post","status-publish","format-standard","has-post-thumbnail","hentry","category-minuto-a-minuto","category-zona-gris","tag-san-jose-tenango"],"jetpack_featured_media_url":"https:\/\/zonaroja.com.mx\/wp-content\/uploads\/2024\/06\/Protesta-en-la-Ciudad-de-Mexico.jpg","jetpack_sharing_enabled":true,"_links":{"self":[{"href":"https:\/\/zonaroja.com.mx\/index.php?rest_route=\/wp\/v2\/posts\/69240","targetHints":{"allow":["GET"]}}],"collection":[{"href":"https:\/\/zonaroja.com.mx\/index.php?rest_route=\/wp\/v2\/posts"}],"about":[{"href":"https:\/\/zonaroja.com.mx\/index.php?rest_route=\/wp\/v2\/types\/post"}],"author":[{"embeddable":true,"href":"https:\/\/zonaroja.com.mx\/index.php?rest_route=\/wp\/v2\/users\/2"}],"replies":[{"embeddable":true,"href":"https:\/\/zonaroja.com.mx\/index.php?rest_route=%2Fwp%2Fv2%2Fcomments&post=69240"}],"version-history":[{"count":1,"href":"https:\/\/zonaroja.com.mx\/index.php?rest_route=\/wp\/v2\/posts\/69240\/revisions"}],"predecessor-version":[{"id":69242,"href":"https:\/\/zonaroja.com.mx\/index.php?rest_route=\/wp\/v2\/posts\/69240\/revisions\/69242"}],"wp:featuredmedia":[{"embeddable":true,"href":"https:\/\/zonaroja.com.mx\/index.php?rest_route=\/wp\/v2\/media\/69241"}],"wp:attachment":[{"href":"https:\/\/zonaroja.com.mx\/index.php?rest_route=%2Fwp%2Fv2%2Fmedia&parent=69240"}],"wp:term":[{"taxonomy":"category","embeddable":true,"href":"https:\/\/zonaroja.com.mx\/index.php?rest_route=%2Fwp%2Fv2%2Fcategories&post=69240"},{"taxonomy":"post_tag","embeddable":true,"href":"https:\/\/zonaroja.com.mx\/index.php?rest_route=%2Fwp%2Fv2%2Ftags&post=69240"}],"curies":[{"name":"wp","href":"https:\/\/api.w.org\/{rel}","templated":true}]}}