{"id":69248,"date":"2024-06-10T08:25:00","date_gmt":"2024-06-10T14:25:00","guid":{"rendered":"https:\/\/zonaroja.com.mx\/?p=69248"},"modified":"2024-06-10T07:53:14","modified_gmt":"2024-06-10T13:53:14","slug":"ejecutan-a-un-individuo-a-la-entrada-de-un-hotel-en-matias-romero","status":"publish","type":"post","link":"https:\/\/zonaroja.com.mx\/?p=69248","title":{"rendered":"Ejecutan a un individuo a la entrada de un hotel, en Mat\u00edas Romero"},"content":{"rendered":"\n<p>Raymundo Morales\/Zona Roja.<\/p>\n\n\n\n<p>Oaxaca de Ju\u00e1rez, Oax., a 10 de junio de 2024.- Un tercer homicidio ocurri\u00f3 este domingo en Oaxaca, ahora en el municipio de Mat\u00edas Romero Avenda\u00f1o.<\/p>\n\n\n\n<p>Fue a la entrada de un hotel denominad \u201cGil Mary\u201d en que fue ejecutado un individuo que presuntamente hu\u00eda de los sicarios.<\/p>\n\n\n\n<p>No obstante, fue alcanzado por una r\u00e1faga de disparos de arma de fuego, por lo cual qued\u00f3 tendido en el asfalto; pese a que el hecho ocurri\u00f3 durante la tarde de ayer en zona c\u00e9ntrica del municipio istme\u00f1o, no hab\u00eda polic\u00edas municipales cerca para perseguir a los delincuentes.<\/p>\n\n\n\n<p>El cuerpo qued\u00f3 tendido en la calle Hombres Ilustres del Barrio Ju\u00e1rez Norte, donde llegaron param\u00e9dicos para brindar los primeros auxilios, pero corroboraron que ya no contaba con signos vitales.<\/p>\n\n\n\n<p>La v\u00edctima no ha sido identificada hasta ahora y personal de la Vicefiscal\u00eda Regional del Istmo, dependiente de la Fiscal\u00eda General del Estado de Oaxaca, inici\u00f3 las indagatorias correspondientes.<\/p>\n\n\n\n<p>Ayer domingo, otras dos personas del sexo masculino fueron asesinadas, una de ellas en la localidad de Santa Mar\u00eda Xadani, del municipio coste\u00f1o de San Miguel del Puerto.<\/p>\n\n\n\n<p>El otro caso ocurri\u00f3 en Miahuatl\u00e1n de Porfirio D\u00edaz, donde fue hallado un veh\u00edculo calcinado y en su interior un cuerpo humano, de v\u00edctima a\u00fan no identificada y quien presumiblemente fue ejecutada a balazos y decapitada.<\/p>\n","protected":false},"excerpt":{"rendered":"<p>Raymundo Morales\/Zona Roja. Oaxaca de Ju\u00e1rez, Oax., a 10 de junio de 2024.- Un tercer&hellip;<\/p>\n","protected":false},"author":2,"featured_media":69249,"comment_status":"closed","ping_status":"open","sticky":false,"template":"","format":"standard","meta":{"_lmt_disableupdate":"","_lmt_disable":"","_jetpack_memberships_contains_paid_content":false,"footnotes":""},"categories":[109,51],"tags":[228],"class_list":["post-69248","post","type-post","status-publish","format-standard","has-post-thumbnail","hentry","category-minuto-a-minuto","category-zona-roja","tag-matias-romero-avendano"],"jetpack_featured_media_url":"https:\/\/zonaroja.com.mx\/wp-content\/uploads\/2024\/06\/Asesinado-en-MAtias-Romero.jpg","jetpack_sharing_enabled":true,"_links":{"self":[{"href":"https:\/\/zonaroja.com.mx\/index.php?rest_route=\/wp\/v2\/posts\/69248","targetHints":{"allow":["GET"]}}],"collection":[{"href":"https:\/\/zonaroja.com.mx\/index.php?rest_route=\/wp\/v2\/posts"}],"about":[{"href":"https:\/\/zonaroja.com.mx\/index.php?rest_route=\/wp\/v2\/types\/post"}],"author":[{"embeddable":true,"href":"https:\/\/zonaroja.com.mx\/index.php?rest_route=\/wp\/v2\/users\/2"}],"replies":[{"embeddable":true,"href":"https:\/\/zonaroja.com.mx\/index.php?rest_route=%2Fwp%2Fv2%2Fcomments&post=69248"}],"version-history":[{"count":1,"href":"https:\/\/zonaroja.com.mx\/index.php?rest_route=\/wp\/v2\/posts\/69248\/revisions"}],"predecessor-version":[{"id":69250,"href":"https:\/\/zonaroja.com.mx\/index.php?rest_route=\/wp\/v2\/posts\/69248\/revisions\/69250"}],"wp:featuredmedia":[{"embeddable":true,"href":"https:\/\/zonaroja.com.mx\/index.php?rest_route=\/wp\/v2\/media\/69249"}],"wp:attachment":[{"href":"https:\/\/zonaroja.com.mx\/index.php?rest_route=%2Fwp%2Fv2%2Fmedia&parent=69248"}],"wp:term":[{"taxonomy":"category","embeddable":true,"href":"https:\/\/zonaroja.com.mx\/index.php?rest_route=%2Fwp%2Fv2%2Fcategories&post=69248"},{"taxonomy":"post_tag","embeddable":true,"href":"https:\/\/zonaroja.com.mx\/index.php?rest_route=%2Fwp%2Fv2%2Ftags&post=69248"}],"curies":[{"name":"wp","href":"https:\/\/api.w.org\/{rel}","templated":true}]}}