{"id":69251,"date":"2024-06-10T08:02:07","date_gmt":"2024-06-10T14:02:07","guid":{"rendered":"https:\/\/zonaroja.com.mx\/?p=69251"},"modified":"2024-06-10T10:57:56","modified_gmt":"2024-06-10T16:57:56","slug":"opinion-neri-morena-y-la-confabulacion-de-los-hermanos-jara","status":"publish","type":"post","link":"https:\/\/zonaroja.com.mx\/?p=69251","title":{"rendered":"Opini\u00f3n. Neri, Morena y la confabulaci\u00f3n de los hermanos Jara"},"content":{"rendered":"\n<p>Ismael Garc\u00eda M.\/Zona Roja.<\/p>\n\n\n\n<p>Oaxaca, Oax., 10 de junio de 2024.- Ya lo dec\u00edamos en otras ocasiones: en pol\u00edtica no hay ni lealtades ni amistades ni proyecto ni vocaci\u00f3n de servicio; s\u00f3lo ambiciones personales y econ\u00f3micas, as\u00ed como un c\u00famulo de deslealtades.<\/p>\n\n\n\n<p>Y ese fue el reflejo en la campa\u00f1a pol\u00edtica en Oaxaca de Ju\u00e1rez, para derrotar a Francisco Mart\u00ednez Neri, quien buscaba la reelecci\u00f3n por Morena, pero curiosamente desde su propio partido se fue fraguando desde hace muchos meses lo que el 2 de junio fue la derrota final.<\/p>\n\n\n\n<p>Tambi\u00e9n, desde el propio ayuntamiento capitalino hubo una serie de deslealtades y traiciones, que terminaron por revelarse y concretarse en esta jornada electoral.<\/p>\n\n\n\n<p>La marca Morena y L\u00f3pez Obrador ya de s\u00ed son ganadores, como qued\u00f3 demostrado en los comicios de la semana pasada, con avasalladores triunfos en senadur\u00edas, diputaciones y concejal\u00edas.<\/p>\n\n\n\n<p>Pero eso no se reflej\u00f3 en la capital del estado, que se supone es la joya de la corona que todo morenista oaxaque\u00f1o habr\u00eda querido. Fue al contrario: se hizo hasta lo imposible para que perdiera un morenista.<\/p>\n\n\n\n<p>EL RECHAZO<\/p>\n\n\n\n<p>Desde la primera campa\u00f1a pol\u00edtica del ex rector de la UABJO y ex diputado federal hubo resistencias para brindarle todo el apoyo. De hecho su designaci\u00f3n fue pr\u00e1cticamente desde la Ciudad de M\u00e9xico y no decisi\u00f3n del partido guinda en la entidad, lo que irrit\u00f3 a los Jara.<\/p>\n\n\n\n<p>Tras ganar holgadamente al PRI, Mart\u00ednez Neri abri\u00f3 su equipo de trabajo a todas las corrientes pero desde ah\u00ed comenzaron las intrigas y las deslealtades.&nbsp;<\/p>\n\n\n\n<p>En aras de la civilidad pol\u00edtica, permiti\u00f3 la designaci\u00f3n de Rey Morales S\u00e1nchez en el primer c\u00edrculo municipal, como director de la Jefatura de Gabinete, sin saber que \u00e9ste lleg\u00f3 con la \u00fanica finalidad de comenzar a minar el poder y filtrar a los due\u00f1os de Morena las actividades internas del gobierno municipal.<\/p>\n\n\n\n<p>Rey Morales tiene su origen justamente con Amador y Salom\u00f3n Jara Cruz, desde la creaci\u00f3n de la Uni\u00f3n Campesina Democr\u00e1tica y despu\u00e9s la fundaci\u00f3n en Oaxaca del PRD, as\u00ed que no pod\u00eda negar su origen.<\/p>\n\n\n\n<p>Tarde se dio cuenta Mart\u00ednez Neri de la labor de zapa de Morales S\u00e1nchez, por lo cual en agosto del primer a\u00f1o de gobierno municipal, le dio la renuncia.<\/p>\n\n\n\n<p>Pero este s\u00f3lo fue el primer Caballo de Troya, pues no s\u00f3lo concejales, como Nancy Mota, sino tambi\u00e9n funcionarios de primer nivel, jugaron a echar a desacreditar a Neri.<\/p>\n\n\n\n<p>Un caso paradigm\u00e1tico es el de Felipe Canseco Ruiz, quien en lugar de resolver los problemas, los complicaba y aprovechaba para minar la imagen del edil, como el hecho de cobijar a la autoridad con priistas de p\u00e9sima reputaci\u00f3n, como son las lideresas del Mercado de Abasto.<\/p>\n\n\n\n<p>Y as\u00ed se fueron configurando varios escenarios turbios -como el saqueo al encierro de veh\u00edculos y la impunidad para Oswaldo Garc\u00eda Jarqu\u00edn- hasta concretarse la traici\u00f3n con Amador Jara Cruz como operador pol\u00edtico y jefe de la segunda campa\u00f1a electoral de Mart\u00ednez Neri.<\/p>\n\n\n\n<p>Pero s\u00f3lo fue fachada para imponer \u201cestrategias\u201d que a la postre derivaron en la derrota de Morena.<\/p>\n\n\n\n<p>FACTOR JARA<\/p>\n\n\n\n<p>Desde el inicio del actual sexenio que encabeza Salom\u00f3n Jara Cruz, su hermano No\u00e9 es un embajador plenipotenciario, o ministro sin cartera, u operador pol\u00edtico-administrativo con todas las facultades oficiales, sin tener ning\u00fan cargo formal.<\/p>\n\n\n\n<p>As\u00ed ha operado con todos los grupos sociales y civiles y hasta ha pactado con organizaciones presuntamente ligada a la delincuencia, como es el caso de Confederaci\u00f3n Joven, que ha sido utilizada para reprimir a quien no se pliegue a los intereses gubernamentales.<\/p>\n\n\n\n<p>As\u00ed ha operado en distintas regiones del estado, pero particularmente en la capital, donde se ha arrogado la representaci\u00f3n gubernamental de su hermano Salom\u00f3n para \u201cconvencer\u201d a sectores sociales.<\/p>\n\n\n\n<p>As\u00ed comenz\u00f3 su labor de zapa para dejar fuera a Mart\u00ednez Neri de la jornada electoral 2024, con decenas de millones de pesos de las arcas del Congreso del Estado y del gobierno.<\/p>\n\n\n\n<p>Impuls\u00f3 hasta la saciedad, violando leyes electorales incluso, a Luis Alfonso Silva Romo, pero el p\u00e9simo trabajo como legislador, el pasado panista y el gris personaje se impusieron, pese a las carretadas de dinero.<\/p>\n\n\n\n<p>A la par, se promovi\u00f3 a Hayde\u00e9 Reyes Soto como alternativa, pero \u00e9sta opt\u00f3 por buscar la reelecci\u00f3n en el Congreso; se puso en marcha nuevo plan, con un candidato priista mil por ciento, como lo es Raymundo Chagoya, con antecedentes de acusaciones de deudor alimentario.<\/p>\n\n\n\n<p>Sin ninguna carrera pol\u00edtica, notario, hijo de la ex procuradora priista Patricia Villanueva y del mezcalero Porfirio Chagoya, no ten\u00eda nada que hacer en una contienda pol\u00edtica. Pero pr\u00e1cticamente fue convencido por No\u00e9 Jara.<\/p>\n\n\n\n<p>Paralelo a ello, la diputada local Liz Arroyo tambi\u00e9n se aventur\u00f3, con excesivos gastos de promoci\u00f3n, a buscar la candidatura a la presidencia municipal, pero se impuso su p\u00e9sima imagen.<\/p>\n\n\n\n<p>Una vez conocida la decisi\u00f3n, otra vez desde la c\u00fapula de la Ciudad de M\u00e9xico, a favor de Mart\u00ednez Neri como candidato, se reforz\u00f3 la maquinaria publicitaria para Raymundo Chagoya.<\/p>\n\n\n\n<p>CANDIDATO T\u00cdTERE<\/p>\n\n\n\n<p>El notario se convirti\u00f3 virtualmente en un t\u00edtere, que iba a donde le dec\u00eda No\u00e9 Jara, hac\u00eda lo que dictaba No\u00e9 Jara, se reun\u00eda con quien decid\u00eda No\u00e9 Jara; a la par, se derrocharon muchos m\u00e1s millones de pesos para su campa\u00f1a pol\u00edtica, todo con tal de que no ganara Mart\u00ednez Neri y Morena.<\/p>\n\n\n\n<p>El resultado est\u00e1 a la vista de todos, pues con alrededor de tres mil votos, el IEEPCO corrobor\u00f3 el triunfo de Chagoya.<\/p>\n\n\n\n<p>Hasta Ulises Ruiz Ortiz oper\u00f3 a favor de Chagoya, adem\u00e1s de Eviel P\u00e9rez Maga\u00f1a \u2014con quien desayun\u00f3 la semana pasada\u2014 y los hermanos Zorrilla de San Mart\u00edn.<\/p>\n\n\n\n<p>Gan\u00f3 el Verde Ecologista \u2014que el nombre del partido da lo mismo\u2014; mejor dicho, gan\u00f3 No\u00e9 Jara y ahora viene a cobrar los dividendos de su inversi\u00f3n, en el pr\u00f3ximo gobierno municipal.<\/p>\n\n\n\n<p>Falta, claro, librar las impugnaciones ante el Tribunal Electoral del Poder Judicial de la Federaci\u00f3n, pero el vicegobernador ya se frota las manos.<\/p>\n\n\n\n<p>\u00bfGobernar\u00e1 el PVEM? En absoluto, s\u00f3lo es una entelequia de partido que se deja usar con tal de obtener prebendas econ\u00f3micas, que es lo \u00fanico que le interesa.<\/p>\n\n\n\n<p>\u00bfGobernar\u00e1 Raymundo Chagoya? Tampoco, pues quien decide y seguir\u00e1 decidiendo en la conformaci\u00f3n del gabinete municipal ser\u00e1 No\u00e9 Jara Cruz, a quien no le importa retar vez tras vez al dedo elector del due\u00f1o de Morena en M\u00e9xico.<\/p>\n\n\n\n<p>\u00bfEsperan mejores tiempos a Oaxaca capital? Tampoco, es m\u00e1s de lo mismo; es obtener poder y dinero a costa de lo que sea, incluso de los ciudadanos.<\/p>\n","protected":false},"excerpt":{"rendered":"<p>Ismael Garc\u00eda M.\/Zona Roja. Oaxaca, Oax., 10 de junio de 2024.- Ya lo dec\u00edamos en&hellip;<\/p>\n","protected":false},"author":2,"featured_media":67764,"comment_status":"closed","ping_status":"open","sticky":false,"template":"","format":"standard","meta":{"_lmt_disableupdate":"","_lmt_disable":"","_jetpack_memberships_contains_paid_content":false,"footnotes":""},"categories":[456,109,48],"tags":[1353],"class_list":["post-69251","post","type-post","status-publish","format-standard","has-post-thumbnail","hentry","category-columna","category-minuto-a-minuto","category-zona-critica","tag-opinion-zona-critica"],"jetpack_featured_media_url":"https:\/\/zonaroja.com.mx\/wp-content\/uploads\/2024\/04\/Opinion-Zona-Roja-Ismael-Garcia.jpg","jetpack_sharing_enabled":true,"_links":{"self":[{"href":"https:\/\/zonaroja.com.mx\/index.php?rest_route=\/wp\/v2\/posts\/69251","targetHints":{"allow":["GET"]}}],"collection":[{"href":"https:\/\/zonaroja.com.mx\/index.php?rest_route=\/wp\/v2\/posts"}],"about":[{"href":"https:\/\/zonaroja.com.mx\/index.php?rest_route=\/wp\/v2\/types\/post"}],"author":[{"embeddable":true,"href":"https:\/\/zonaroja.com.mx\/index.php?rest_route=\/wp\/v2\/users\/2"}],"replies":[{"embeddable":true,"href":"https:\/\/zonaroja.com.mx\/index.php?rest_route=%2Fwp%2Fv2%2Fcomments&post=69251"}],"version-history":[{"count":2,"href":"https:\/\/zonaroja.com.mx\/index.php?rest_route=\/wp\/v2\/posts\/69251\/revisions"}],"predecessor-version":[{"id":69264,"href":"https:\/\/zonaroja.com.mx\/index.php?rest_route=\/wp\/v2\/posts\/69251\/revisions\/69264"}],"wp:featuredmedia":[{"embeddable":true,"href":"https:\/\/zonaroja.com.mx\/index.php?rest_route=\/wp\/v2\/media\/67764"}],"wp:attachment":[{"href":"https:\/\/zonaroja.com.mx\/index.php?rest_route=%2Fwp%2Fv2%2Fmedia&parent=69251"}],"wp:term":[{"taxonomy":"category","embeddable":true,"href":"https:\/\/zonaroja.com.mx\/index.php?rest_route=%2Fwp%2Fv2%2Fcategories&post=69251"},{"taxonomy":"post_tag","embeddable":true,"href":"https:\/\/zonaroja.com.mx\/index.php?rest_route=%2Fwp%2Fv2%2Ftags&post=69251"}],"curies":[{"name":"wp","href":"https:\/\/api.w.org\/{rel}","templated":true}]}}