{"id":69254,"date":"2024-06-10T09:30:00","date_gmt":"2024-06-10T15:30:00","guid":{"rendered":"https:\/\/zonaroja.com.mx\/?p=69254"},"modified":"2024-06-10T08:27:15","modified_gmt":"2024-06-10T14:27:15","slug":"si-en-este-pais-hubiera-justicia-murat-tendria-que-ir-a-la-carcel","status":"publish","type":"post","link":"https:\/\/zonaroja.com.mx\/?p=69254","title":{"rendered":"\u201cSi en este pa\u00eds hubiera justicia, Murat tendr\u00eda que ir a la c\u00e1rcel\u201d"},"content":{"rendered":"\n<p>Ismael Garc\u00eda M.\/Zona Roja.<\/p>\n\n\n\n<p>Oaxaca de Ju\u00e1rez, Oax., a 10 de junio de 2024.- \u201cMorena se equivoc\u00f3, al aceptar a muchos priistas que hab\u00edan dejado al estado en una condici\u00f3n tan vulnerable; es un premio a su impunidad, porque \u00e9l (Alejandro Murat Hinojosa) tiene mucha responsabilidad; si en este pa\u00eds hubiera justicia, \u00e9l tambi\u00e9n tendr\u00eda que ir a la c\u00e1rcel\u2026<\/p>\n\n\n\n<p>\u201cEl fiscal (Rub\u00e9n Vasconcelos) que respond\u00eda al hoy virtual senador de la Rep\u00fablica (Murat), tuvo en sus manos un expediente donde hab\u00eda testigos dando nombres de personas como autores materiales e intelectuales; y en lugar de investigar, ocultaron la carpeta. \u00bfHay mano de Murat? S\u00ed hay mano de Murat; yo lo digo, yo lo afirmo, yo lo sostengo\u201d.<\/p>\n\n\n\n<p>Son parte de las afirmaciones de la periodista y activista feminista Soledad Jarqu\u00edn \u00c9dgar, al enfatizar que el feminicidio de su hija Mar\u00eda del Sol Cruz Jarqu\u00edn, ultimada el 2 de junio de 2028, fue un crimen de Estado y qued\u00f3 en la impunidad desde el sexenio pasado.<\/p>\n\n\n\n<p>Este mediod\u00eda de domingo y arropada por activistas, entre ellas la asociaci\u00f3n Civil Consorcio Oaxaca, que encabeza Y\u00e9sica S\u00e1nchez Maya, para condenar que a seis a\u00f1os de los hechos, en que adem\u00e1s murieron otras dos personas, no hay justicia.<\/p>\n\n\n\n<p>De la actual administraci\u00f3n, Soledad Jarqu\u00edn puntualiz\u00f3:<\/p>\n\n\n\n<p>\u201cEl gobernador de Oaxaca, Salom\u00f3n Jara Cruz, ni nos ve ni oye. Esa es su pol\u00edtica de Estado con las madres que buscamos justicia para nuestras hijas y las organizaciones que nos acompa\u00f1an y por esa conducta es corresponsable de la condici\u00f3n de discriminaci\u00f3n contra las v\u00edctimas, contra nosotras y contra la sociedad oaxaque\u00f1a\u201d.<\/p>\n\n\n\n<p>Luego rese\u00f1\u00f3 la cauda de causales que fueron ocultas o destruidas, para que no hubiera justicia por los tres cr\u00edmenes, incluyendo el de la fotoperiodista Mar\u00eda del Sol Cruz Jarqu\u00edn, ocurridos el 2 de junio de 20218, desde la Fiscal\u00eda General del Estado en el periodo de Rub\u00e9n Vasconcelos M\u00e9ndez.<\/p>\n\n\n\n<p>\u201cEn estos seis a\u00f1os nos hemos topado solo con una realidad: la incapacidad de las instituciones responsables de investigar dos feminicidios y un homicidio calificado.<\/p>\n\n\n\n<figure class=\"wp-block-embed is-type-rich is-provider-twitter wp-block-embed-twitter\"><div class=\"wp-block-embed__wrapper\">\n<div class=\"twitter-tweet\"><blockquote class=\"twitter-tweet\" data-lang=\"es\"><p lang=\"es\" dir=\"ltr\">2. Sobre el ex gobernador Alejandro Murat Hinojosa, hoy senador electo por Morena, <a href=\"https:\/\/twitter.com\/jarquinedgar?ref_src=twsrc%5Etfw\">@jarquinedgar<\/a> dijo: \u201cMorena se equivoc\u00f3, al aceptar a muchos priistas que hab\u00edan dejado estado en una condici\u00f3n tan vulnerable; es un premio a su impunidad, porque \u00e9l tiene mucha responsabilidad;\u2026 <a href=\"https:\/\/t.co\/BvaQRz3wJQ\">pic.twitter.com\/BvaQRz3wJQ<\/a><\/p>&mdash; Zona Roja Oaxaca (@ZonaRoja_Oaxaca) <a href=\"https:\/\/twitter.com\/ZonaRoja_Oaxaca\/status\/1799988807917576614?ref_src=twsrc%5Etfw\">10 de junio de 2024<\/a><\/blockquote><\/div>\n<\/div><\/figure>\n\n\n\n<p>\u201cNos hemos encontrado de frente a la complicidad del Estado patriarcal que no protege los derechos de las personas y en espec\u00edfico de las mujeres. Con sus acciones, cada una de las personas que componen el funcionariado han edificado un entramado de corrupci\u00f3n. Seis a\u00f1os despu\u00e9s podemos decirlo, estamos frente a un crimen de Estado\u201d.<\/p>\n\n\n\n<p>Precis\u00f3 que si bien el asesinato de su hija sucedi\u00f3 en el fin del sexenio del priista Enrique Pe\u00f1a Nieto, tambi\u00e9n es cierto que durante el sexenio de Andr\u00e9s Manuel L\u00f3pez Obrador se ha cometido el delito de negar el acceso a la justicia, de permitir que nada cambie, \u201cincluso de premiar con su amistad y abrigo a quien protegi\u00f3 a los perpetradores, el ex gobernador priista Alejandro Murat Hinojosa, quien es hoy un virtual senador de la rep\u00fablica por el mismo partido del Presidente y de la futura Presidenta de M\u00e9xico\u201d.<\/p>\n\n\n\n<p>A\u00f1adi\u00f3 que tres fiscales de Oaxaca han conocido de los hechos. El primero, Rub\u00e9n Vasconcelos M\u00e9ndez \u201cfue el responsable de fincar los cimientos para que todos juntos cometieran el crimen de Estado, en sus manos estuvo el saqueo de pruebas periciales de la carpeta de investigaci\u00f3n, entonces por homicidio calificado, y aun cuando supo de nombres de posibles autores intelectuales y materiales se neg\u00f3 a ordenar las investigaciones necesarias, incluso ocult\u00f3 la informaci\u00f3n, como lo afirm\u00f3 un funcionario cercano a \u00e9l\u201d.<\/p>\n\n\n\n<p>El segundo Arturo Peimbert Calvo opt\u00f3 por solicitar el sobreseimiento de la carpeta de investigaci\u00f3n de manera parcial tras encontrar, lo que llam\u00f3, 40 \u201cerrores\u201d. Al tiempo de abrir una nueva carpeta por el delito de feminicidio de Pamela y Mar\u00eda del Sol y homicidio calificado en el caso de Adelfo. \u201cY cuando digo abrir una nueva carpeta solo se trat\u00f3 de eso. Nadie m\u00e1s investigo\u201d.<\/p>\n\n\n\n<p>El actual fiscal de Oaxaca, Bernardo Rodr\u00edguez Alamilla se declar\u00f3 imposibilitado de emprender la investigaci\u00f3n ante la falta de pruebas y porque hab\u00eda pasado ya mucho tiempo, lo que revela las carencias profesionales y cient\u00edficos de la instituci\u00f3n y su personal. De ah\u00ed que, en diciembre pasado determin\u00f3 cerrar definitivamente la investigaci\u00f3n.<\/p>\n\n\n\n<p>Llam\u00f3 al Congreso del Estado de Oaxaca para llamar a cuentas al fiscal Anticorrupci\u00f3n, Emilio Iruegas \u00c1lvarez, y a la fiscal en Delitos Electorales, Esther Araceli Pinelo, pues ellos con su actuar negligente tambi\u00e9n tienes responsabilidades en el caso.&nbsp;<\/p>\n\n\n\n<p>\u201cEn estos seis a\u00f1os hemos documentado, en el d\u00eda a d\u00eda, c\u00f3mo este triple asesinato y en espec\u00edfico el feminicidio de Mar\u00eda del Sol y los otros delitos cometidos contra ella, son un ejemplo claro del fallido estado de derecho, y por tanto de la negaci\u00f3n sistem\u00e1tica de la justicia y la verdad\u201d, puntualiz\u00f3.<\/p>\n","protected":false},"excerpt":{"rendered":"<p>Ismael Garc\u00eda M.\/Zona Roja. Oaxaca de Ju\u00e1rez, Oax., a 10 de junio de 2024.- \u201cMorena&hellip;<\/p>\n","protected":false},"author":2,"featured_media":69252,"comment_status":"closed","ping_status":"open","sticky":false,"template":"","format":"standard","meta":{"_lmt_disableupdate":"","_lmt_disable":"","_jetpack_memberships_contains_paid_content":false,"footnotes":""},"categories":[109,47],"tags":[1059,90],"class_list":["post-69254","post","type-post","status-publish","format-standard","has-post-thumbnail","hentry","category-minuto-a-minuto","category-zona-gris","tag-maria-del-sol-cruz-jarquin","tag-soledad-jarquin"],"jetpack_featured_media_url":"https:\/\/zonaroja.com.mx\/wp-content\/uploads\/2024\/06\/Conferencia-Soledad-Jarquin.jpg","jetpack_sharing_enabled":true,"_links":{"self":[{"href":"https:\/\/zonaroja.com.mx\/index.php?rest_route=\/wp\/v2\/posts\/69254","targetHints":{"allow":["GET"]}}],"collection":[{"href":"https:\/\/zonaroja.com.mx\/index.php?rest_route=\/wp\/v2\/posts"}],"about":[{"href":"https:\/\/zonaroja.com.mx\/index.php?rest_route=\/wp\/v2\/types\/post"}],"author":[{"embeddable":true,"href":"https:\/\/zonaroja.com.mx\/index.php?rest_route=\/wp\/v2\/users\/2"}],"replies":[{"embeddable":true,"href":"https:\/\/zonaroja.com.mx\/index.php?rest_route=%2Fwp%2Fv2%2Fcomments&post=69254"}],"version-history":[{"count":1,"href":"https:\/\/zonaroja.com.mx\/index.php?rest_route=\/wp\/v2\/posts\/69254\/revisions"}],"predecessor-version":[{"id":69255,"href":"https:\/\/zonaroja.com.mx\/index.php?rest_route=\/wp\/v2\/posts\/69254\/revisions\/69255"}],"wp:featuredmedia":[{"embeddable":true,"href":"https:\/\/zonaroja.com.mx\/index.php?rest_route=\/wp\/v2\/media\/69252"}],"wp:attachment":[{"href":"https:\/\/zonaroja.com.mx\/index.php?rest_route=%2Fwp%2Fv2%2Fmedia&parent=69254"}],"wp:term":[{"taxonomy":"category","embeddable":true,"href":"https:\/\/zonaroja.com.mx\/index.php?rest_route=%2Fwp%2Fv2%2Fcategories&post=69254"},{"taxonomy":"post_tag","embeddable":true,"href":"https:\/\/zonaroja.com.mx\/index.php?rest_route=%2Fwp%2Fv2%2Ftags&post=69254"}],"curies":[{"name":"wp","href":"https:\/\/api.w.org\/{rel}","templated":true}]}}