{"id":69266,"date":"2024-06-10T19:04:11","date_gmt":"2024-06-11T01:04:11","guid":{"rendered":"https:\/\/zonaroja.com.mx\/?p=69266"},"modified":"2024-06-10T19:04:12","modified_gmt":"2024-06-11T01:04:12","slug":"asesinan-a-dos-individuos-en-valles-centrales-y-uno-en-la-region-costa","status":"publish","type":"post","link":"https:\/\/zonaroja.com.mx\/?p=69266","title":{"rendered":"Asesinan a dos individuos en Valles Centrales y uno en la regi\u00f3n Costa"},"content":{"rendered":"\n<p>Raymundo Morales\/Zona Roja.<\/p>\n\n\n\n<p>Oaxaca de Ju\u00e1rez, Oax., a 10 de junio de 2024.- Al menos tres personas han sido asesinadas, en distintos hechos, este lunes en el estado de Oaxaca.<\/p>\n\n\n\n<p>Un caso ocurri\u00f3 la ma\u00f1ana de hoy en los l\u00edmites de Santa Mar\u00eda Atzompa con San Pedro Ixtlahuaca, en la regi\u00f3n Valles Centrales.<\/p>\n\n\n\n<p>Fue poco despu\u00e9s de las 07:00 horas en que se report\u00f3 la localizaci\u00f3n de un cuerpo sin vida, en la v\u00eda local que va de Atzompa al rancho Los Audelo; presentaba lesiones producidas con arma blanca y un cuchillo enterrado en el pecho con un presunto \u201cnarcomensaje\u201d.<\/p>\n\n\n\n<p>Vest\u00eda un short de color blanco con rayas azules y playera blanca y presuntamente fue torturado y ejecutado por grupos del crimen organizado; de manera preliminar fue identificado como Osiris M. J.<\/p>\n\n\n\n<p>Por otra parte, poco despu\u00e9s de las 08:00 horas frente a una unidad deportiva del municipio de Ejutla de Crespo, en la regi\u00f3n Valles Centrales del estado, fue hallado un cuerpo con lesiones producidas por arma de fuego.<\/p>\n\n\n\n<p>Param\u00e9dicos arribaron al sitio, calle 20 de Noviembre del barrio La Estaci\u00f3n, para brindar los primeros auxilios y trasladar a la v\u00edctima a un hospital donde m\u00e1s tarde se corrobor\u00f3 que hab\u00eda perdido la vida.<\/p>\n\n\n\n<p>Mientras tanto en Santa Mar\u00eda Cortijo, municipio de la regi\u00f3n Costa de Oaxaca, fue ultimado a golpes un individuo.<\/p>\n\n\n\n<p>El cuerpo fue localizado en inmediaciones de un r\u00edo y \u00fanicamente se han proporcionado las iniciales, A. S. C., de 58 a\u00f1os de edad, de la v\u00edctima.<\/p>\n\n\n\n<p>Hasta el momento se desconoce qui\u00e9n o qui\u00e9nes lo asesinaron.<\/p>\n\n\n\n<p>En los tres casos no se reportan personas detenidas y la Fiscal\u00eda General del Estado de Oaxaca inici\u00f3 las indagatorias correspondientes.<\/p>\n","protected":false},"excerpt":{"rendered":"<p>Raymundo Morales\/Zona Roja. Oaxaca de Ju\u00e1rez, Oax., a 10 de junio de 2024.- Al menos&hellip;<\/p>\n","protected":false},"author":2,"featured_media":69267,"comment_status":"closed","ping_status":"open","sticky":false,"template":"","format":"standard","meta":{"_lmt_disableupdate":"","_lmt_disable":"","_jetpack_memberships_contains_paid_content":false,"footnotes":""},"categories":[109,51],"tags":[702,1049],"class_list":["post-69266","post","type-post","status-publish","format-standard","has-post-thumbnail","hentry","category-minuto-a-minuto","category-zona-roja","tag-ejutla-de-crespo","tag-santa-maria-atzompa"],"jetpack_featured_media_url":"https:\/\/zonaroja.com.mx\/wp-content\/uploads\/2024\/06\/Asesinado-Atzompa.jpeg","jetpack_sharing_enabled":true,"_links":{"self":[{"href":"https:\/\/zonaroja.com.mx\/index.php?rest_route=\/wp\/v2\/posts\/69266","targetHints":{"allow":["GET"]}}],"collection":[{"href":"https:\/\/zonaroja.com.mx\/index.php?rest_route=\/wp\/v2\/posts"}],"about":[{"href":"https:\/\/zonaroja.com.mx\/index.php?rest_route=\/wp\/v2\/types\/post"}],"author":[{"embeddable":true,"href":"https:\/\/zonaroja.com.mx\/index.php?rest_route=\/wp\/v2\/users\/2"}],"replies":[{"embeddable":true,"href":"https:\/\/zonaroja.com.mx\/index.php?rest_route=%2Fwp%2Fv2%2Fcomments&post=69266"}],"version-history":[{"count":1,"href":"https:\/\/zonaroja.com.mx\/index.php?rest_route=\/wp\/v2\/posts\/69266\/revisions"}],"predecessor-version":[{"id":69268,"href":"https:\/\/zonaroja.com.mx\/index.php?rest_route=\/wp\/v2\/posts\/69266\/revisions\/69268"}],"wp:featuredmedia":[{"embeddable":true,"href":"https:\/\/zonaroja.com.mx\/index.php?rest_route=\/wp\/v2\/media\/69267"}],"wp:attachment":[{"href":"https:\/\/zonaroja.com.mx\/index.php?rest_route=%2Fwp%2Fv2%2Fmedia&parent=69266"}],"wp:term":[{"taxonomy":"category","embeddable":true,"href":"https:\/\/zonaroja.com.mx\/index.php?rest_route=%2Fwp%2Fv2%2Fcategories&post=69266"},{"taxonomy":"post_tag","embeddable":true,"href":"https:\/\/zonaroja.com.mx\/index.php?rest_route=%2Fwp%2Fv2%2Ftags&post=69266"}],"curies":[{"name":"wp","href":"https:\/\/api.w.org\/{rel}","templated":true}]}}