{"id":69269,"date":"2024-06-10T21:53:10","date_gmt":"2024-06-11T03:53:10","guid":{"rendered":"https:\/\/zonaroja.com.mx\/?p=69269"},"modified":"2024-06-10T21:53:12","modified_gmt":"2024-06-11T03:53:12","slug":"confirma-gobernador-danos-a-la-educacion-de-la-ninez-magisterio-debe-disculparse","status":"publish","type":"post","link":"https:\/\/zonaroja.com.mx\/?p=69269","title":{"rendered":"Confirma gobernador da\u00f1os a la educaci\u00f3n de la ni\u00f1ez; magisterio debe disculparse"},"content":{"rendered":"\n<p>Ismael Garc\u00eda M.\/Zona Roja.<\/p>\n\n\n\n<p>Oaxaca de Ju\u00e1rez, Oax., a 10 de junio de 2024.- Luego de ofrecer disculpas por las represiones en contra de los movimientos sociales en Oaxaca, en 2006 y 2016, el gobernador Salom\u00f3n Jara Cruz consider\u00f3 que s\u00ed hubo da\u00f1os a la educaci\u00f3n por el reciente paro de labores de 25 d\u00edas por parte del magisterio.<\/p>\n\n\n\n<p>\u201cS\u00ed se atendieron (las demandas de la Secci\u00f3n 22 del SNTE), ya no hab\u00eda necesidad de estar mucho tiempo; por eso yo le pido una disculpa al pueblo de Oaxaca por lo que se hizo y deber\u00edan pedir disculpas a los padres de familia, a los ni\u00f1os, a las ni\u00f1as, a las que m\u00e1s lastiman.<\/p>\n\n\n\n<p>\u201cQu\u00e9 culpa tienen nuestros hijos, nuestras hijas, para que esto ocurra; en verdad, yo lamento mucho este m\u00e9todo de lucha; s\u00ed vale este m\u00e9todo de lucha cuando hay un gobierno autoritario, d\u00e9spota, un gobierno represor; nuestro gobierno no es represor\u201d, dijo.<\/p>\n\n\n\n<p>Durante su conferencia de prensa, detall\u00f3 los avances que se dieron desde el primer momento en las negociaciones al pliego petitorio presentado por la Secci\u00f3n 22 el 1 de mayo y por el cual estallaron un paro de labores el d\u00eda 15 de mayo, para culminarlo el s\u00e1bado 8 de junio.<\/p>\n\n\n\n<p>Rememor\u00f3 la represi\u00f3n de estudiantes en la Ciudad de M\u00e9xico el 10 de junio de 1971, as\u00ed como el 2 de octubre de 1968, al igual que los actos violentos en Oaxaca durante el 2006 y 2016, en contra del magisterio y de la sociedad.<\/p>\n\n\n\n<p>\u201cSon fechas en las que debemos apreciar y valorar la importancia de valorar de contar con un gobierno popular y democr\u00e1tico, que jam\u00e1s usar\u00e1 la fuerza del Estado contra el pueblo\u201d, manifest\u00f3.<\/p>\n\n\n\n<p>A\u00f1adi\u00f3:<\/p>\n\n\n\n<p>\u201cComo nuestro gobierno es fruto de esas luchas hist\u00f3ricas por la justicia y la democracia, como titular del Poder Ejecutivo ofrezco una disculpa a todas y todos los oaxaque\u00f1os por esos episodios de ignominia, violencia y represi\u00f3n\u201d.<\/p>\n\n\n\n<p>Jara Cruz abund\u00f3 acerca de gobiernos represores y de violencia en los sexenios de Di\u00f3doro Carrasco Altamirano y Ulises Ruiz Ortiz, en contra de movimientos sociales \u201cy ahora andaban pase\u00e1ndose en Oaxaca con toda la libertad para apoyar a su candidata, con expresiones muy groseras\u201d.<\/p>\n\n\n\n<figure class=\"wp-block-embed is-type-rich is-provider-twitter wp-block-embed-twitter\"><div class=\"wp-block-embed__wrapper\">\n<div class=\"twitter-tweet\"><blockquote class=\"twitter-tweet\" data-lang=\"es\"><p lang=\"es\" dir=\"ltr\">Al rememorar los hechos de represi\u00f3n en M\u00e9xico y Oaxaca, que se conmemoran durante el mes de junio, el gobernador <a href=\"https:\/\/twitter.com\/salomonj?ref_src=twsrc%5Etfw\">@salomonj<\/a> sostuvo que en su gobierno no hay ni habr\u00e1 agresiones en contra de las manifestaciones sociales.<br><br>Aprovecho para ofrecer una disculpa a las y los oaxaque\u00f1os\u2026 <a href=\"https:\/\/t.co\/ddsMsSEFQJ\">pic.twitter.com\/ddsMsSEFQJ<\/a><\/p>&mdash; Zona Roja Oaxaca (@ZonaRoja_Oaxaca) <a href=\"https:\/\/twitter.com\/ZonaRoja_Oaxaca\/status\/1800190345323417635?ref_src=twsrc%5Etfw\">10 de junio de 2024<\/a><\/blockquote><\/div>\n<\/div><\/figure>\n\n\n\n<p>LOS DA\u00d1OS<\/p>\n\n\n\n<p>En seguida retom\u00f3 el tema del magisterio estatal y el paro de labores educativas por 25 d\u00edas, adem\u00e1s de diversas movilizaciones, bloqueos y da\u00f1os a la educaci\u00f3n:<\/p>\n\n\n\n<p>\u201cMuy lamentable para los ni\u00f1os y ni\u00f1as; no se puede continuar con esa estrategia. Los maestros tienen que revisar su estrategia de lucha. Qu\u00e9 culpa tienen los ni\u00f1os, qu\u00e9 culpa tienen las ni\u00f1as, nuestros j\u00f3venes.<\/p>\n\n\n\n<p>\u201cAh, \u2018pero vamos a reponer las clases\u2019; es como cuando uno no le da de comer a un ni\u00f1o, una ni\u00f1a 15 d\u00edas, \u2018ah, pero ahora le voy a dar de comer dem\u00e1s\u2019; no, el da\u00f1o se ocasiona, s\u00ed nos duele mucho, ya no hab\u00eda necesidad de tener un plant\u00f3n por muchos d\u00edas ac\u00e1, ya estaba resuelto todo\u201d, manifest\u00f3 el gobernador.<\/p>\n\n\n\n<p>Apunt\u00f3 que&nbsp; a la Secci\u00f3n se le dio lo que nunca se hab\u00eda dado en ning\u00fan gobierno \u2014incluyendo un aumento salarial del 13 por ciento\u2014, adem\u00e1s del di\u00e1logo como nunca antes, en que hab\u00eda una cerraz\u00f3n total.<\/p>\n\n\n\n<p>\u201cNosotros nunca nos hemos cerrado, hemos dialogado; el Presidente (L\u00f3pez Obrador) ha recibido a la Secci\u00f3n 22 no menos de seis, siete veces\u201d, puntualiz\u00f3, pese a lo cual, dijo, no hab\u00eda motivo de continuar con su manifestaci\u00f3n.<\/p>\n\n\n\n<p>Incluso, se\u00f1al\u00f3 que el secretario de Gobierno, Jes\u00fas Romero L\u00f3pez, ya ha sido vetado por el magisterio, porque por sus ocupaciones en una reuni\u00f3n, no pudo atender la queja acerca de una confrontaci\u00f3n.<\/p>\n\n\n\n<figure class=\"wp-block-embed is-type-rich is-provider-twitter wp-block-embed-twitter\"><div class=\"wp-block-embed__wrapper\">\n<div class=\"twitter-tweet\"><blockquote class=\"twitter-tweet\" data-lang=\"es\"><p lang=\"es\" dir=\"ltr\">Tambi\u00e9n en su conferencia, el mandatario confirm\u00f3 que a la Secci\u00f3n 22 del SNTE se le dio todo, pese a lo cual mantuvieron su \u201cplant\u00f3n\u201d por 25 d\u00edas.  <br>Revel\u00f3 que al menos una semana antes, ya hab\u00eda acuerdo de la Asamblea Estatal para levantar el paro, pero no ocurri\u00f3. <br>Lament\u00f3 el\u2026 <a href=\"https:\/\/t.co\/nDCLO2cOBh\">pic.twitter.com\/nDCLO2cOBh<\/a><\/p>&mdash; Zona Roja Oaxaca (@ZonaRoja_Oaxaca) <a href=\"https:\/\/twitter.com\/ZonaRoja_Oaxaca\/status\/1800208509662875967?ref_src=twsrc%5Etfw\">10 de junio de 2024<\/a><\/blockquote><\/div>\n<\/div><\/figure>\n","protected":false},"excerpt":{"rendered":"<p>Ismael Garc\u00eda M.\/Zona Roja. Oaxaca de Ju\u00e1rez, Oax., a 10 de junio de 2024.- Luego&hellip;<\/p>\n","protected":false},"author":2,"featured_media":69270,"comment_status":"closed","ping_status":"open","sticky":false,"template":"","format":"standard","meta":{"_lmt_disableupdate":"","_lmt_disable":"","_jetpack_memberships_contains_paid_content":false,"footnotes":""},"categories":[109,46],"tags":[939],"class_list":["post-69269","post","type-post","status-publish","format-standard","has-post-thumbnail","hentry","category-minuto-a-minuto","category-zona-blanca","tag-salomon-jara-cruz"],"jetpack_featured_media_url":"https:\/\/zonaroja.com.mx\/wp-content\/uploads\/2024\/06\/Conferencia-de-prensa-del-gobernador-Salomon-Jara.jpeg","jetpack_sharing_enabled":true,"_links":{"self":[{"href":"https:\/\/zonaroja.com.mx\/index.php?rest_route=\/wp\/v2\/posts\/69269","targetHints":{"allow":["GET"]}}],"collection":[{"href":"https:\/\/zonaroja.com.mx\/index.php?rest_route=\/wp\/v2\/posts"}],"about":[{"href":"https:\/\/zonaroja.com.mx\/index.php?rest_route=\/wp\/v2\/types\/post"}],"author":[{"embeddable":true,"href":"https:\/\/zonaroja.com.mx\/index.php?rest_route=\/wp\/v2\/users\/2"}],"replies":[{"embeddable":true,"href":"https:\/\/zonaroja.com.mx\/index.php?rest_route=%2Fwp%2Fv2%2Fcomments&post=69269"}],"version-history":[{"count":1,"href":"https:\/\/zonaroja.com.mx\/index.php?rest_route=\/wp\/v2\/posts\/69269\/revisions"}],"predecessor-version":[{"id":69271,"href":"https:\/\/zonaroja.com.mx\/index.php?rest_route=\/wp\/v2\/posts\/69269\/revisions\/69271"}],"wp:featuredmedia":[{"embeddable":true,"href":"https:\/\/zonaroja.com.mx\/index.php?rest_route=\/wp\/v2\/media\/69270"}],"wp:attachment":[{"href":"https:\/\/zonaroja.com.mx\/index.php?rest_route=%2Fwp%2Fv2%2Fmedia&parent=69269"}],"wp:term":[{"taxonomy":"category","embeddable":true,"href":"https:\/\/zonaroja.com.mx\/index.php?rest_route=%2Fwp%2Fv2%2Fcategories&post=69269"},{"taxonomy":"post_tag","embeddable":true,"href":"https:\/\/zonaroja.com.mx\/index.php?rest_route=%2Fwp%2Fv2%2Ftags&post=69269"}],"curies":[{"name":"wp","href":"https:\/\/api.w.org\/{rel}","templated":true}]}}