{"id":69274,"date":"2024-06-11T07:03:39","date_gmt":"2024-06-11T13:03:39","guid":{"rendered":"https:\/\/zonaroja.com.mx\/?p=69274"},"modified":"2024-06-11T07:03:41","modified_gmt":"2024-06-11T13:03:41","slug":"confirman-crimen-de-dirigente-de-confederacion-joven-era-aliado-de-ray-chagoya","status":"publish","type":"post","link":"https:\/\/zonaroja.com.mx\/?p=69274","title":{"rendered":"Confirman crimen de dirigente de Confederaci\u00f3n Joven; era aliado de Ray Chagoya"},"content":{"rendered":"\n<p>Raymundo Morales\/Zona Roja.<\/p>\n\n\n\n<p>Oaxaca de Ju\u00e1rez, Oax., a 11 de junio de 2024.- Como Marco Antonio C. G., de 50 a\u00f1os de edad e integrante de la organizaci\u00f3n Confederaci\u00f3n Joven, fue identificada la persona asesinada anoche en la ciudad de Oaxaca.<\/p>\n\n\n\n<p>Fue alrededor de las 21:00 horas en que se registr\u00f3 el ataque armado en el Perif\u00e9rico, inmediaciones de la colonia Alem\u00e1n, cuando viajaba a bordo de una camioneta.<\/p>\n\n\n\n<p>Los agresores lograron huir del lugar y los dem\u00e1s ocupantes de la unidad de motor se llevaron de inmediato el cuerpo de Marco Antonio hacia el Hospital General \u201cDr. Aurelio Valdivieso\u201d, donde ingresaron con violencia para exigir atenci\u00f3n m\u00e9dica; sin embargo, perdi\u00f3 la vida minutos despu\u00e9s.<\/p>\n\n\n\n<p>Afuera del nosocomio ubicado en la colonia Reforma de la capital, fue sitiado por taxistas del servicio colectivo, quienes permanecieron por varias horas en la zona, intimidando a los transe\u00fantes.<\/p>\n\n\n\n<p>De acuerdo con registros hemerogr\u00e1ficos y digitales, Marco Antonio C. G. formaba parte del equipo de campa\u00f1a de Raymundo Chagoya, presidente municipal electo de Oaxaca de Ju\u00e1rez, con quien aparece en varias fotograf\u00edas.<\/p>\n\n\n\n<p>Asimismo, seg\u00fan difusiones en redes sociales, el hoy occiso particip\u00f3 con grupos de choque en varias actividades del entonces candidato a edil por el PVEM, como el ocurrido el d\u00eda del debate entre aspirantes, sobre la calle de Crespo de la ciudad; tambi\u00e9n durante el conteo de votos en la agencia de Santa Rosa Panzacola.<\/p>\n\n\n\n<p>La semana pasada, en un comunicado de la representaci\u00f3n del Partido Morena ante el Consejo Municipal Electoral, emiti\u00f3 un comunicado denunci\u00f3 hechos de violencia en el c\u00f3mputo de votos.<\/p>\n\n\n\n<p>\u201cPor lo que la representaci\u00f3n repudia en\u00e9rgicamente los actos vand\u00e1licos que un grupo de porros comandados por Marco Antonio C\u00f3rdova Garc\u00eda, alias \u2018El Charangas\u2019, perteneciente a un sindicato de dudosa procedencia; vinculado con Ray Chagoya, candidato a presidente municipal de Oaxaca de Ju\u00e1rez\u201d, expuso entonces.<\/p>\n\n\n\n<figure class=\"wp-block-image size-full\"><img decoding=\"async\" width=\"616\" height=\"600\" src=\"https:\/\/zonaroja.com.mx\/wp-content\/uploads\/2024\/06\/Comunicado-Morena-caso-Confederacion-Joven-porro.jpg\" alt=\"\" class=\"wp-image-69275\" srcset=\"https:\/\/zonaroja.com.mx\/wp-content\/uploads\/2024\/06\/Comunicado-Morena-caso-Confederacion-Joven-porro.jpg 616w, https:\/\/zonaroja.com.mx\/wp-content\/uploads\/2024\/06\/Comunicado-Morena-caso-Confederacion-Joven-porro-300x292.jpg 300w, https:\/\/zonaroja.com.mx\/wp-content\/uploads\/2024\/06\/Comunicado-Morena-caso-Confederacion-Joven-porro-585x570.jpg 585w\" sizes=\"(max-width: 616px) 100vw, 616px\" \/><\/figure>\n","protected":false},"excerpt":{"rendered":"<p>Raymundo Morales\/Zona Roja. Oaxaca de Ju\u00e1rez, Oax., a 11 de junio de 2024.- Como Marco&hellip;<\/p>\n","protected":false},"author":2,"featured_media":69276,"comment_status":"closed","ping_status":"open","sticky":false,"template":"","format":"standard","meta":{"_lmt_disableupdate":"","_lmt_disable":"","_jetpack_memberships_contains_paid_content":false,"footnotes":""},"categories":[109,51],"tags":[],"class_list":["post-69274","post","type-post","status-publish","format-standard","has-post-thumbnail","hentry","category-minuto-a-minuto","category-zona-roja"],"jetpack_featured_media_url":"https:\/\/zonaroja.com.mx\/wp-content\/uploads\/2024\/06\/Raymubdo-Chagoya-y-Marco-Antonio-C.-G.-Confederacion-Joven.jpg","jetpack_sharing_enabled":true,"_links":{"self":[{"href":"https:\/\/zonaroja.com.mx\/index.php?rest_route=\/wp\/v2\/posts\/69274","targetHints":{"allow":["GET"]}}],"collection":[{"href":"https:\/\/zonaroja.com.mx\/index.php?rest_route=\/wp\/v2\/posts"}],"about":[{"href":"https:\/\/zonaroja.com.mx\/index.php?rest_route=\/wp\/v2\/types\/post"}],"author":[{"embeddable":true,"href":"https:\/\/zonaroja.com.mx\/index.php?rest_route=\/wp\/v2\/users\/2"}],"replies":[{"embeddable":true,"href":"https:\/\/zonaroja.com.mx\/index.php?rest_route=%2Fwp%2Fv2%2Fcomments&post=69274"}],"version-history":[{"count":1,"href":"https:\/\/zonaroja.com.mx\/index.php?rest_route=\/wp\/v2\/posts\/69274\/revisions"}],"predecessor-version":[{"id":69277,"href":"https:\/\/zonaroja.com.mx\/index.php?rest_route=\/wp\/v2\/posts\/69274\/revisions\/69277"}],"wp:featuredmedia":[{"embeddable":true,"href":"https:\/\/zonaroja.com.mx\/index.php?rest_route=\/wp\/v2\/media\/69276"}],"wp:attachment":[{"href":"https:\/\/zonaroja.com.mx\/index.php?rest_route=%2Fwp%2Fv2%2Fmedia&parent=69274"}],"wp:term":[{"taxonomy":"category","embeddable":true,"href":"https:\/\/zonaroja.com.mx\/index.php?rest_route=%2Fwp%2Fv2%2Fcategories&post=69274"},{"taxonomy":"post_tag","embeddable":true,"href":"https:\/\/zonaroja.com.mx\/index.php?rest_route=%2Fwp%2Fv2%2Ftags&post=69274"}],"curies":[{"name":"wp","href":"https:\/\/api.w.org\/{rel}","templated":true}]}}