{"id":69278,"date":"2024-06-11T08:30:00","date_gmt":"2024-06-11T14:30:00","guid":{"rendered":"https:\/\/zonaroja.com.mx\/?p=69278"},"modified":"2024-06-11T07:12:15","modified_gmt":"2024-06-11T13:12:15","slug":"arranca-el-dif-oaxaca-programa-de-alimentacion-para-519-municipios","status":"publish","type":"post","link":"https:\/\/zonaroja.com.mx\/?p=69278","title":{"rendered":"Arranca el DIF Oaxaca programa de alimentaci\u00f3n para 519 municipios"},"content":{"rendered":"\n<p>Redacci\u00f3n\/Zona Roja.<\/p>\n\n\n\n<p>Oaxaca de Ju\u00e1rez, Oax., a 11 de junio de 2024.- Para avanzar en la reparaci\u00f3n hist\u00f3rica de los pueblos y en cumplimiento al derecho humano de la alimentaci\u00f3n, el gobernador Salom\u00f3n Jara Cruz y la presidenta honoraria del Sistema para el Desarrollo Integral de la Familia (DIF) Oaxaca, Irma Bola\u00f1os Quijano, dieron el banderazo de arranque de las unidades de los Programas Alimentarios 2024 para la atenci\u00f3n de 519 municipios de las ocho regiones de la entidad.<\/p>\n\n\n\n<p>A trav\u00e9s de una inversi\u00f3n de 766 millones 9 mil 415 pesos con 50 centavos, el Sistema DIF Oaxaca entregar\u00e1 las dotaciones alimentarias donde m\u00e1s se necesita como parte de los programas Desayuno de Letritas, Latido Nutritivo, Itacate de mi Coraz\u00f3n y de Alimentaci\u00f3n Solidaria, as\u00ed como del subprograma Guisos de mi Pueblo.<\/p>\n\n\n\n<p>Junto al funcionariado del Gabinete Legal y Ampliado, as\u00ed como del organismo estatal, la directora general Maribel Salinas Velasco destac\u00f3 que el objetivo del Sistema DIF Oaxaca es favorecer un estado de nutrici\u00f3n adecuado para los grupos de atenci\u00f3n prioritaria, preferentemente de las localidades urbanas y rurales consideradas de alta y muy alta marginaci\u00f3n, as\u00ed como aquellas comunidades que se encuentran en estados de emergencia o de desastres y personas en situaci\u00f3n de desnutrici\u00f3n o carencia alimentaria.<\/p>\n\n\n\n<p>\u201cA ellas y ellos van dirigidos nuestros programas, porque queremos emparejar el piso de quienes menos tienen con los de las familias que cuentan con mayores oportunidades de subsistencia. Estas dotaciones alimentarias tambi\u00e9n van dirigidas a las infancias y adolescencias en edad escolar porque al encontrarse bien nutridos, podr\u00e1n concentrarse m\u00e1s en sus estudios, mejorar\u00e1n su rendimiento escolar y as\u00ed, disminuiremos las tasas de deserci\u00f3n\u201d, destac\u00f3.<\/p>\n\n\n\n<p>Salinas Velasco tambi\u00e9n enunci\u00f3 que estos programas apoyan a las mujeres embarazadas y en periodo de lactancia, as\u00ed como a ni\u00f1as y ni\u00f1os de seis a 24 meses de edad con inseguridad alimentaria, a fin de que accedan a productos alimentarios con calidad nutricia que favorezca su crecimiento y desarrollo adecuado.<\/p>\n\n\n\n<figure class=\"wp-block-embed is-type-rich is-provider-twitter wp-block-embed-twitter\"><div class=\"wp-block-embed__wrapper\">\n<div class=\"twitter-tweet\"><blockquote class=\"twitter-tweet\" data-lang=\"es\"><p lang=\"es\" dir=\"ltr\">Con las salas de lactancia, nutrimos con amor. \ud83e\udd31\ud83c\udffd\u2764\ufe0f<a href=\"https:\/\/twitter.com\/hashtag\/LactanciaMaterna?src=hash&amp;ref_src=twsrc%5Etfw\">#LactanciaMaterna<\/a><a href=\"https:\/\/twitter.com\/hashtag\/NadieSeQuedaAtr%C3%A1sNadieSeQuedaAfuera?src=hash&amp;ref_src=twsrc%5Etfw\">#NadieSeQuedaAtr\u00e1sNadieSeQuedaAfuera<\/a> <a href=\"https:\/\/t.co\/OoQMPTZkEZ\">pic.twitter.com\/OoQMPTZkEZ<\/a><\/p>&mdash; DIF Oaxaca (@DIF_Oaxaca) <a href=\"https:\/\/twitter.com\/DIF_Oaxaca\/status\/1800364012682830172?ref_src=twsrc%5Etfw\">11 de junio de 2024<\/a><\/blockquote><\/div>\n<\/div><\/figure>\n\n\n\n<p>PROGRAMA DE LACTANCIA&nbsp;<\/p>\n\n\n\n<p>Por otra parte, como un acto de justicia para las mujeres trabajadoras que eligen la maternidad en su vida, el Sistema para el Desarrollo Integral de la Familia (DIF) Oaxaca puso en marcha el programa salas de lactancia Nutrir con Amor, al interior de nueve dependencias y entidades de la administraci\u00f3n p\u00fablica estatal.<\/p>\n\n\n\n<p>La noticia se dio a conocer en las instalaciones del organismo asistencial, la primera sede inaugurada por el Gobernador del Estado, Salom\u00f3n Jara Cruz, y la presidenta honoraria del Sistema Estatal DIF, Irma Bola\u00f1os Quijano, en reconocimiento al derecho de las madres trabajadoras a que se les conceda el tiempo apropiado y el espacio digno para extracci\u00f3n de leche, la alimentaci\u00f3n a sus hijas o hijos por medio del amamantamiento, as\u00ed como la conservaci\u00f3n de la leche en un espacio higi\u00e9nico.<\/p>\n\n\n\n<p>A esta sala de lactancia se suman las inauguradas al interior del Palacio de Gobierno, en el Tribunal de Justicia y Combate contra la Corrupci\u00f3n del Estado de Oaxaca (TJCCEO), en las secretar\u00edas de Turismo (Sectur), Bienestar, Tequio e Inclusi\u00f3n (Sebienti); de la Mujer (SM) y de Administraci\u00f3n (SA), as\u00ed como en el Cuartel de la Polic\u00eda Estatal, y en el Reclusorio Femenil de Tanivet, ubicado en el municipio de Tlacolula de Matamoros.<\/p>\n\n\n\n<p>Con hechos, la administraci\u00f3n estatal implementa pol\u00edticas p\u00fablicas con perspectiva de g\u00e9nero, y traduce las l\u00edneas discursivas en realidad, al acondicionar un espacio inclusivo y digno para que las madres trabajadoras puedan amamantar a sus ni\u00f1as o ni\u00f1os en un lugar seguro, libre de g\u00e9rmenes, propicios para la alimentaci\u00f3n de los beb\u00e9s, fuera de prejuicios y con privacidad.<\/p>\n\n\n\n<p>Al emitir su mensaje, Bola\u00f1os Quijano sostuvo que esta acci\u00f3n en favor de los derechos de ni\u00f1as y ni\u00f1os en sus primeros a\u00f1os de vida, as\u00ed como de sus madres, le alegran y refirma su compromiso de trabajar en una instituci\u00f3n de la que se siente orgullosa de pertenecer.<\/p>\n\n\n\n<p>\u201cEste proyecto es un reflejo de nuestro profundo compromiso con la salud y el bienestar de las familias oaxaque\u00f1as, y especialmente de las madres y sus beb\u00e9s. Espero que este proyecto permita dignificar la maternidad y alimentar a las ni\u00f1as y ni\u00f1os que son el futuro y lo m\u00e1s importante de nuestro estado\u201d, destac\u00f3.<\/p>\n\n\n\n<p>En su oportunidad, el mandatario estatal asegur\u00f3 que con estas acciones se hace realidad una iniciativa en las pol\u00edticas de asistencia social de su administraci\u00f3n, en beneficio de las mujeres en periodo de lactancia que laboran en las diferentes dependencias y entidades del Gobierno del Estado.<\/p>\n\n\n\n<p>\u201cNuestras pol\u00edticas de inclusi\u00f3n y de salvaguarda de los derechos humanos, no pod\u00edan dejar a un lado esta asignatura muy importante en el desarrollo familiar, por ello es un acierto nombrar a esta estrategia: Nutrir con Amor; porque el v\u00ednculo materno siempre ser\u00e1 el ingrediente fundamental para formar mejores personas bajo los principios del afecto, la comunicaci\u00f3n y el amor a la vida\u201d, ahond\u00f3.<\/p>\n\n\n\n<p>(Comunicados)<\/p>\n","protected":false},"excerpt":{"rendered":"<p>Redacci\u00f3n\/Zona Roja. Oaxaca de Ju\u00e1rez, Oax., a 11 de junio de 2024.- Para avanzar en&hellip;<\/p>\n","protected":false},"author":2,"featured_media":69279,"comment_status":"closed","ping_status":"open","sticky":false,"template":"","format":"standard","meta":{"_lmt_disableupdate":"","_lmt_disable":"","_jetpack_memberships_contains_paid_content":false,"footnotes":""},"categories":[109,46],"tags":[841],"class_list":["post-69278","post","type-post","status-publish","format-standard","has-post-thumbnail","hentry","category-minuto-a-minuto","category-zona-blanca","tag-dif-oaxaca"],"jetpack_featured_media_url":"https:\/\/zonaroja.com.mx\/wp-content\/uploads\/2024\/06\/5-DIF-Pone-en-marcha-DIF-Oaxaca-programa-salas-de-lactancia-Nutrir-con-Amor.jpeg","jetpack_sharing_enabled":true,"_links":{"self":[{"href":"https:\/\/zonaroja.com.mx\/index.php?rest_route=\/wp\/v2\/posts\/69278","targetHints":{"allow":["GET"]}}],"collection":[{"href":"https:\/\/zonaroja.com.mx\/index.php?rest_route=\/wp\/v2\/posts"}],"about":[{"href":"https:\/\/zonaroja.com.mx\/index.php?rest_route=\/wp\/v2\/types\/post"}],"author":[{"embeddable":true,"href":"https:\/\/zonaroja.com.mx\/index.php?rest_route=\/wp\/v2\/users\/2"}],"replies":[{"embeddable":true,"href":"https:\/\/zonaroja.com.mx\/index.php?rest_route=%2Fwp%2Fv2%2Fcomments&post=69278"}],"version-history":[{"count":1,"href":"https:\/\/zonaroja.com.mx\/index.php?rest_route=\/wp\/v2\/posts\/69278\/revisions"}],"predecessor-version":[{"id":69280,"href":"https:\/\/zonaroja.com.mx\/index.php?rest_route=\/wp\/v2\/posts\/69278\/revisions\/69280"}],"wp:featuredmedia":[{"embeddable":true,"href":"https:\/\/zonaroja.com.mx\/index.php?rest_route=\/wp\/v2\/media\/69279"}],"wp:attachment":[{"href":"https:\/\/zonaroja.com.mx\/index.php?rest_route=%2Fwp%2Fv2%2Fmedia&parent=69278"}],"wp:term":[{"taxonomy":"category","embeddable":true,"href":"https:\/\/zonaroja.com.mx\/index.php?rest_route=%2Fwp%2Fv2%2Fcategories&post=69278"},{"taxonomy":"post_tag","embeddable":true,"href":"https:\/\/zonaroja.com.mx\/index.php?rest_route=%2Fwp%2Fv2%2Ftags&post=69278"}],"curies":[{"name":"wp","href":"https:\/\/api.w.org\/{rel}","templated":true}]}}