{"id":69281,"date":"2024-06-11T09:18:00","date_gmt":"2024-06-11T15:18:00","guid":{"rendered":"https:\/\/zonaroja.com.mx\/?p=69281"},"modified":"2024-06-11T07:20:41","modified_gmt":"2024-06-11T13:20:41","slug":"acuerdan-sheinbaum-y-amlo-plan-c-para-septiembre","status":"publish","type":"post","link":"https:\/\/zonaroja.com.mx\/?p=69281","title":{"rendered":"Acuerdan Sheinbaum y AMLO plan \u201cC\u201d para septiembre"},"content":{"rendered":"\n<p>Redacci\u00f3n\/Zona Roja Cdmx.<\/p>\n\n\n\n<p>Ciudad de M\u00e9xico, a 11 de junio de 2024.- Claudia Sheinbaum, virtual ganadora de la elecci\u00f3n presidencial del pasado 2 de junio, ofreci\u00f3 una conferencia de prensa tras la reuni\u00f3n que sostuvo ayer con el presidente Andr\u00e9s Manuel L\u00f3pez Obrador&nbsp;en Palacio Nacional, en la que detall\u00f3 cu\u00e1les ser\u00e1n las primeras reformas que presentar\u00e1 como inicio de su gobierno.<\/p>\n\n\n\n<p>Sheinbaum Pardo se\u00f1al\u00f3 que las reformas que presentar\u00e1 a discusi\u00f3n desde ahora, y que espera que est\u00e9n aprobadas en septiembre, se abrir\u00e1n a una amplia discusi\u00f3n en el pa\u00eds e iniciar\u00e1n con la reforma al Poder Judicial.<\/p>\n\n\n\n<p>De la reuni\u00f3n, detall\u00f3 que habl\u00f3 con el presidente L\u00f3pez Obrador sobre los resultados de las elecciones del pasado 2 de junio y dio a conocer que la pr\u00f3xima semana presentar\u00e1 su gabinete con lo que iniciar\u00e1, de manera formal, la transici\u00f3n.<\/p>\n\n\n\n<p>\u201cYo voy a nombrar mi gabinete la pr\u00f3xima semana y a partir de all\u00ed iniciar\u00eda el proceso normal de transici\u00f3n\u201d, apunt\u00f3.<\/p>\n\n\n\n<p>Explic\u00f3 que le coment\u00f3 al presidente L\u00f3pez Obrador su inter\u00e9s de que se incorporar\u00e1n algunos programas sociales que ella impuls\u00f3 en su campa\u00f1a, uno que es el apoyo a las mujeres de 60-64 a\u00f1os de edad para mujeres cuidadoras previo a la pensi\u00f3n universal de adulto mayor, a lo que el presidente estuvo de acuerdo.<\/p>\n\n\n\n<p>El segundo fueron las becas a los ni\u00f1os de educaci\u00f3n b\u00e1sica p\u00fablica puedan tener acceso a estos recursos.<\/p>\n\n\n\n<p>\u201cLas planteo como las primeras reformas que acordamos que sean aprobadas en el Congreso\u201d, dijo.<\/p>\n\n\n\n<p>Tambi\u00e9n se\u00f1al\u00f3 que pidi\u00f3 la incorporaci\u00f3n de la reforma al ISSSTE, as\u00ed como que no haya reelecci\u00f3n y, por otro lado, la reforma constitucional para el poder judicial, que estas sean las reformas que sean consideradas como las primeras.<\/p>\n\n\n\n<figure class=\"wp-block-embed is-type-rich is-provider-twitter wp-block-embed-twitter\"><div class=\"wp-block-embed__wrapper\">\n<div class=\"twitter-tweet\"><blockquote class=\"twitter-tweet\" data-lang=\"es\"><p lang=\"es\" dir=\"ltr\">Luego de ser declarada como Presidenta electa de M\u00e9xico, <a href=\"https:\/\/twitter.com\/Claudiashein?ref_src=twsrc%5Etfw\">@Claudiashein<\/a> se reuni\u00f3 este lunes con el mandatario <a href=\"https:\/\/twitter.com\/lopezobrador_?ref_src=twsrc%5Etfw\">@lopezobrador_<\/a>.<br><br>Tras ello, la pr\u00f3xima titular del Ejecutivo federal dio una conferencia de prensa en el Palacio Nacional, en que anunci\u00f3 que la pr\u00f3xima semana dar\u00e1 a\u2026 <a href=\"https:\/\/t.co\/DXR1WzP7Wx\">pic.twitter.com\/DXR1WzP7Wx<\/a><\/p>&mdash; Zona Roja Oaxaca (@ZonaRoja_Oaxaca) <a href=\"https:\/\/twitter.com\/ZonaRoja_Oaxaca\/status\/1800325741860573553?ref_src=twsrc%5Etfw\">11 de junio de 2024<\/a><\/blockquote><\/div>\n<\/div><\/figure>\n\n\n\n<p>\u201cPlanteamos que en todos los casos haya una consulta amplia antes de que entre el nuevo Congreso, que se haga una consulta muy amplia en todo el pa\u00eds, que en el caso de la Reforma al Poder Judicial, que se discuta tambi\u00e9n en las barras de abogados, las facultades de derecho, los propios ministros, abogados, los trabajadores del Poder Judicial y que se conozcan los datos, por ejemplo, cu\u00e1ntas personas saben cu\u00e1ntos jueces de distrito hay, entonces estuvimos de acuerdo\u201d, se\u00f1al\u00f3.<\/p>\n\n\n\n<p>Apunt\u00f3 que el presidente L\u00f3pez Obrador estuvo de acuerdo y que las formas y c\u00f3mo ser\u00eda, se hablar\u00eda con la secretaria de Gobernaci\u00f3n, Luisa Mar\u00eda Alcalde y los integrantes de la Comisi\u00f3n Permanente, adem\u00e1s de abrir a universidades p\u00fablicas y barras de abogados.<\/p>\n\n\n\n<p>Adelant\u00f3 que esta es la primera reuni\u00f3n de muchas que, seguramente, se llevar\u00e1n a cabo, adem\u00e1s apunt\u00f3 que el presidente L\u00f3pez Obrador dejar\u00e1 muy buenas finanzas.<\/p>\n\n\n\n<p>Cuestionada sobre si el peso tendr\u00eda volatilidad al darse a conocer este proceso de apertura al di\u00e1logo sobre la reforma al Poder Judicial asegur\u00f3 que no cree que haya impacto.<\/p>\n\n\n\n<p>\u201cNo creo que haya impacto, se va a abrir este proceso\u201d<\/p>\n\n\n\n<p>Cuestionada al respecto, apunt\u00f3 que habr\u00e1 quienes tengan derecho a no estar de acuerdo, pero que conocer la reforma no es una condici\u00f3n que s\u00f3lo interese a profesionales, sino tambi\u00e9n al pueblo de M\u00e9xico.<\/p>\n\n\n\n<p>Sheinbaum Pardo apunt\u00f3 que su gabinete tendr\u00e1 \u201cevidentemente paritario\u201d, comparti\u00f3 que con el presidente L\u00f3pez Obrador comi\u00f3 sopa de tomate y pescado, adem\u00e1s de que se analiza si acompa\u00f1ar\u00e1 al mandatario a sus giras en los pr\u00f3ximos meses.<\/p>\n\n\n\n<p>\u201cMi inter\u00e9s es acompa\u00f1ar al presidente en sus giras, hay que ver las giras, el proceso de transici\u00f3n pero mi idea es poderlo acompa\u00f1ar\u201d, se\u00f1al\u00f3.<\/p>\n\n\n\n<p>Al concluir la conferencia detall\u00f3 que recibir\u00e1 a una comitiva del presidente Biden en la casa de transici\u00f3n y que dar\u00e1 a conocer los resultados de dicha reuni\u00f3n posteriormente.<\/p>\n\n\n\n<p>(Con informaci\u00f3n de L\u00f3pez-D\u00f3riga Digital)<\/p>\n","protected":false},"excerpt":{"rendered":"<p>Redacci\u00f3n\/Zona Roja Cdmx. Ciudad de M\u00e9xico, a 11 de junio de 2024.- Claudia Sheinbaum, virtual&hellip;<\/p>\n","protected":false},"author":2,"featured_media":69282,"comment_status":"closed","ping_status":"open","sticky":false,"template":"","format":"standard","meta":{"_lmt_disableupdate":"","_lmt_disable":"","_jetpack_memberships_contains_paid_content":false,"footnotes":""},"categories":[109,46],"tags":[3370],"class_list":["post-69281","post","type-post","status-publish","format-standard","has-post-thumbnail","hentry","category-minuto-a-minuto","category-zona-blanca","tag-claudia-sheinbaum"],"jetpack_featured_media_url":"https:\/\/zonaroja.com.mx\/wp-content\/uploads\/2024\/06\/Claudia-Sheinbaum-y-Lopez-Obrador.jpg","jetpack_sharing_enabled":true,"_links":{"self":[{"href":"https:\/\/zonaroja.com.mx\/index.php?rest_route=\/wp\/v2\/posts\/69281","targetHints":{"allow":["GET"]}}],"collection":[{"href":"https:\/\/zonaroja.com.mx\/index.php?rest_route=\/wp\/v2\/posts"}],"about":[{"href":"https:\/\/zonaroja.com.mx\/index.php?rest_route=\/wp\/v2\/types\/post"}],"author":[{"embeddable":true,"href":"https:\/\/zonaroja.com.mx\/index.php?rest_route=\/wp\/v2\/users\/2"}],"replies":[{"embeddable":true,"href":"https:\/\/zonaroja.com.mx\/index.php?rest_route=%2Fwp%2Fv2%2Fcomments&post=69281"}],"version-history":[{"count":1,"href":"https:\/\/zonaroja.com.mx\/index.php?rest_route=\/wp\/v2\/posts\/69281\/revisions"}],"predecessor-version":[{"id":69283,"href":"https:\/\/zonaroja.com.mx\/index.php?rest_route=\/wp\/v2\/posts\/69281\/revisions\/69283"}],"wp:featuredmedia":[{"embeddable":true,"href":"https:\/\/zonaroja.com.mx\/index.php?rest_route=\/wp\/v2\/media\/69282"}],"wp:attachment":[{"href":"https:\/\/zonaroja.com.mx\/index.php?rest_route=%2Fwp%2Fv2%2Fmedia&parent=69281"}],"wp:term":[{"taxonomy":"category","embeddable":true,"href":"https:\/\/zonaroja.com.mx\/index.php?rest_route=%2Fwp%2Fv2%2Fcategories&post=69281"},{"taxonomy":"post_tag","embeddable":true,"href":"https:\/\/zonaroja.com.mx\/index.php?rest_route=%2Fwp%2Fv2%2Ftags&post=69281"}],"curies":[{"name":"wp","href":"https:\/\/api.w.org\/{rel}","templated":true}]}}