{"id":69294,"date":"2024-06-11T12:55:00","date_gmt":"2024-06-11T18:55:00","guid":{"rendered":"https:\/\/zonaroja.com.mx\/?p=69294"},"modified":"2024-06-11T08:04:12","modified_gmt":"2024-06-11T14:04:12","slug":"otorgan-a-oaxaquena-angeles-cruz-premio-maguey-activista","status":"publish","type":"post","link":"https:\/\/zonaroja.com.mx\/?p=69294","title":{"rendered":"Otorgan a oaxaque\u00f1a \u00c1ngeles Cruz Premio Maguey Activista"},"content":{"rendered":"\n<p>Redacci\u00f3n\/Zona Roja Cdmx.<\/p>\n\n\n\n<p>Ciudad de M\u00e9xico, a 11 de junio de 2024.- Actriz, guionista, mujer, ind\u00edgena y lesbiana. \u00c1ngeles Cruz, como muchas personas en M\u00e9xico, lucha por diversas causas para defender sus derechos humanos. Y debido a que su trabajo se ha enfocado a visibilizar las historias de la diversidad sexual y los pueblos originarios, recibi\u00f3 el Premio Maguey Activista.&nbsp;<\/p>\n\n\n\n<p>\u201cSigue habiendo una brecha terrible entre salir a la gran ciudad y vivir la diversidad y hacerlo desde nuestras comunidades ind\u00edgenas. Es un camino que se sigue marcando y falta mucho por hacer. Hay pol\u00edticas p\u00fablicas que tratan de atender estas brechas, pero como los muchos m\u00e9xicos que somos, falta mucho camino y tenemos la obligaci\u00f3n de ir limpiando de prejuicios y violencias, y seguir visibilizando a trav\u00e9s del cine\u201d, coment\u00f3 la artista.<\/p>\n\n\n\n<p>Ella es originaria de la localidad de Villa Guadalupe Victoria, en San Miguel el Grande, Oaxaca, donde actualmente sus habitantes sufren el desplazamiento forzado, dijo.<\/p>\n\n\n\n<p>Entre sus trabajos destacan pel\u00edculas como \u201cFinlandia\u201d (2021), con historias muxes, y el documental \u201cLa mujer de las estrellas y las monta\u00f1as\u201d (2023), sobre Rita, una ind\u00edgena rar\u00e1muri que viaja a Kansas, donde es internada en un hospital psiqui\u00e1trico.<\/p>\n\n\n\n<p>Su \u00f3pera prima es la pel\u00edcula \u201cNudo mixteco\u201d (2021), que le vali\u00f3 el Premio Ariel, misma que aborda historias de la sexualidad de mujeres de esa etnia. \u201cLo que nos resta es pensar que una sociedad diversa y abierta, nos enriquece a todas las personas\u201d, a\u00f1adi\u00f3 Cruz.&nbsp;<\/p>\n\n\n\n<p>\u201cDesde las comunidades ind\u00edgenas est\u00e1 la falta de acceso a la informaci\u00f3n, la falta de muchas cosas, la falta de comida; esto hace pensar que hay otras prioridades. Entonces, hay que seguir abriendo la puerta y una vez abierta, poner el pie para que todo mudo pueda entrar y todo el mundo quepa\u201d, declar\u00f3.<\/p>\n\n\n\n<p>PREMIO TRANSFORMADO<\/p>\n\n\n\n<p>La secci\u00f3n de la Feria Internacional de Cine de Guadalajara (FICG) busca visibilizar historias sobre personas que viven disidencias sexogen\u00e9ricas, el Premio Maguey, cumple 13 a\u00f1os, y su director, Pavel Cort\u00e9s, dijo que son 16 pel\u00edculas las que compiten este a\u00f1o, adem\u00e1s de proyectarse dos cortometrajes hechos en Jalisco: el documental \u201cCoraz\u00f3n de centinela\u201d y el de ficci\u00f3n \u201cP\u00farpura ne\u00f3n\u201d, ambos hechos por talentos de la Universidad de Guadalajara.<\/p>\n\n\n\n<p>\u201cAntes, la cinematograf\u00eda queer estaba marcada por un discurso enfocado principalmente en la sexualidad masculina y desde una visi\u00f3n tr\u00e1gica. Lo que hemos visto en estos 13 a\u00f1os es una evoluci\u00f3n maravillosa del discurso, donde el criterio de selecci\u00f3n ha sido dejar de lado cualquier pel\u00edcula que condene a los personajes a la marginalidad y, por otro lado, generar nuevas representaciones\u201d, extern\u00f3.<\/p>\n\n\n\n<p>El Presidente del FICG, Guillermo G\u00f3mez Mata, reconoci\u00f3 estos 13 a\u00f1os de trabajo. \u201cNo es sencillo ser un premio que se ha consolidado de una forma impresionante para el bien del festival. Nos llena de orgullo el Premio Maguey\u201d, dijo.<\/p>\n\n\n\n<p>\u201cDefender lo m\u00e1s vulnerable deber\u00eda ser nuestra misi\u00f3n en toda la vida. El Premio Maguey hace que las personas vulneradas se diriman en una sociedad violenta\u201d, indic\u00f3 la Directora del FICG, Estrella Araiza.<\/p>\n\n\n\n<p>Adem\u00e1s de las proyecciones de los filmes, el Premio Maguey incluye tambi\u00e9n la muestra de las \u201cEmme\u201d en Cineteca FIGC, que este a\u00f1o fue intervenida por el artista tapat\u00edo Ra\u00fal Rebolledo.<\/p>\n\n\n\n<p>(Informaci\u00f3n de Gaceta UdeG)<\/p>\n","protected":false},"excerpt":{"rendered":"<p>Redacci\u00f3n\/Zona Roja Cdmx. Ciudad de M\u00e9xico, a 11 de junio de 2024.- Actriz, guionista, mujer,&hellip;<\/p>\n","protected":false},"author":2,"featured_media":69295,"comment_status":"closed","ping_status":"open","sticky":false,"template":"","format":"standard","meta":{"_lmt_disableupdate":"","_lmt_disable":"","_jetpack_memberships_contains_paid_content":false,"footnotes":""},"categories":[109,49],"tags":[2510],"class_list":["post-69294","post","type-post","status-publish","format-standard","has-post-thumbnail","hentry","category-minuto-a-minuto","category-zona-fresa","tag-angeles-cruz-murillo"],"jetpack_featured_media_url":"https:\/\/zonaroja.com.mx\/wp-content\/uploads\/2024\/06\/Angeles-Cruz-premio-Maguey.jpg","jetpack_sharing_enabled":true,"_links":{"self":[{"href":"https:\/\/zonaroja.com.mx\/index.php?rest_route=\/wp\/v2\/posts\/69294","targetHints":{"allow":["GET"]}}],"collection":[{"href":"https:\/\/zonaroja.com.mx\/index.php?rest_route=\/wp\/v2\/posts"}],"about":[{"href":"https:\/\/zonaroja.com.mx\/index.php?rest_route=\/wp\/v2\/types\/post"}],"author":[{"embeddable":true,"href":"https:\/\/zonaroja.com.mx\/index.php?rest_route=\/wp\/v2\/users\/2"}],"replies":[{"embeddable":true,"href":"https:\/\/zonaroja.com.mx\/index.php?rest_route=%2Fwp%2Fv2%2Fcomments&post=69294"}],"version-history":[{"count":1,"href":"https:\/\/zonaroja.com.mx\/index.php?rest_route=\/wp\/v2\/posts\/69294\/revisions"}],"predecessor-version":[{"id":69296,"href":"https:\/\/zonaroja.com.mx\/index.php?rest_route=\/wp\/v2\/posts\/69294\/revisions\/69296"}],"wp:featuredmedia":[{"embeddable":true,"href":"https:\/\/zonaroja.com.mx\/index.php?rest_route=\/wp\/v2\/media\/69295"}],"wp:attachment":[{"href":"https:\/\/zonaroja.com.mx\/index.php?rest_route=%2Fwp%2Fv2%2Fmedia&parent=69294"}],"wp:term":[{"taxonomy":"category","embeddable":true,"href":"https:\/\/zonaroja.com.mx\/index.php?rest_route=%2Fwp%2Fv2%2Fcategories&post=69294"},{"taxonomy":"post_tag","embeddable":true,"href":"https:\/\/zonaroja.com.mx\/index.php?rest_route=%2Fwp%2Fv2%2Ftags&post=69294"}],"curies":[{"name":"wp","href":"https:\/\/api.w.org\/{rel}","templated":true}]}}