{"id":69304,"date":"2024-06-11T18:55:11","date_gmt":"2024-06-12T00:55:11","guid":{"rendered":"https:\/\/zonaroja.com.mx\/?p=69304"},"modified":"2024-06-11T18:55:13","modified_gmt":"2024-06-12T00:55:13","slug":"hay-en-mexico-3-7-millones-de-ninas-y-ninos-que-trabajan-y-cifra-va-en-aumento","status":"publish","type":"post","link":"https:\/\/zonaroja.com.mx\/?p=69304","title":{"rendered":"Hay en M\u00e9xico 3.7 millones de ni\u00f1as y ni\u00f1os que trabajan y cifra va en aumento"},"content":{"rendered":"\n<p>Redacci\u00f3n\/Zona Roja Cdmx.<\/p>\n\n\n\n<p>Ciudad de M\u00e9xico, a 11 de junio de 2024.- Los \u00faltimos datos disponibles del Instituto Nacional de Estad\u00edstica y Geograf\u00eda (Inegi) evidencian que 3.7 millones de ni\u00f1os y ni\u00f1as en el pa\u00eds trabajan en actividades no permitidas.&nbsp;<\/p>\n\n\n\n<p>La meta para M\u00e9xico y el resto de las econom\u00edas de Latinoam\u00e9rica es eliminar el trabajo infantil para el 2025, en el caso de nuestro territorio, alcanzar el objetivo se percibe muy lejano pese a los esfuerzos realizados en los \u00faltimos a\u00f1os.<\/p>\n\n\n\n<p>\u201cEn nuestro pa\u00eds hay una deuda importante con la erradicaci\u00f3n del trabajo infantil, y tiene que ver con un contexto social poco favorecedor en que las familias se encuentran en una desigualdad en donde ni\u00f1as y ni\u00f1os se ven expulsados a actividades que comprometen su desarrollo\u201d, dice Carmen Gabriela Ruiz Serrano, acad\u00e9mica de la Escuela Nacional de Trabajo Social (ENTS) de la Universidad Nacional Aut\u00f3noma de M\u00e9xico (UNAM).<\/p>\n\n\n\n<p>El trabajo infantil es un fen\u00f3meno multifactorial y con implicaciones en diversas aristas. De acuerdo con el informe Erradicar el trabajo infantil para 2025 en Centroam\u00e9rica y M\u00e9xico de la Organizaci\u00f3n Internacional del Trabajo (OIT), nuestro pa\u00eds y la regi\u00f3n central del continente tienen las tasas m\u00e1s altas de menores en actividades no permitidas.<\/p>\n\n\n\n<p>\u201cNuestro pa\u00eds se encuentra en una situaci\u00f3n complicada respecto al trabajo infantil. El problema tiene una dimensi\u00f3n grande\u201d, se\u00f1ala Cinthya Galicia, responsable del proyecto Campos de Esperanza de World Vision M\u00e9xico.&nbsp;<\/p>\n\n\n\n<p>A decir de la especialista, la deserci\u00f3n escolar durante la emergencia sanitaria de la Covid-19 tuvo un impacto directo en el crecimiento de la problem\u00e1tica.<\/p>\n\n\n\n<p>La erradicaci\u00f3n del trabajo infantil no s\u00f3lo es un compromiso asumido por M\u00e9xico a trav\u00e9s de la agenda 2030, tambi\u00e9n es una exigencia en el marco del tratado con Estados Unidos y Canad\u00e1 (T-MEC).&nbsp;<\/p>\n\n\n\n<p>Nuestro pa\u00eds ha tomado diversas acciones, desde la recolecci\u00f3n de informaci\u00f3n oportuna hasta la aplicaci\u00f3n de un protocolo de inspecci\u00f3n de trabajo enfocado en el empleo de menores.<\/p>\n\n\n\n<p>Pedro Am\u00e9rico Furtado de Oliveira, director de la oficina de la OIT para M\u00e9xico y Cuba, coincide en que la pandemia de Covid-19 \u201ccomplic\u00f3 en muchos pa\u00edses\u201d los avances. \u201cNecesitamos contrarrestar las consecuencias, el trabajo infantil se consolid\u00f3 en muchas familias porque los ni\u00f1os de pronto tuvieron que trabajar porque no se consigui\u00f3 una protecci\u00f3n social para todas\u201d.<\/p>\n\n\n\n<p>Pese a ello, el representante del organismo internacional reconoce que nuestro pa\u00eds ha tenido avances importantes en esta asignatura que lo han posicionado como un referente en el tema. \u201cM\u00e9xico ha comenzado a construir pol\u00edticas concretas a partir de leyes y estructuras, que hizo que como OIT acompa\u00f1\u00e1ramos ese proceso\u201d.<\/p>\n\n\n\n<p>Las ratificaciones de los convenios 138 y 182, la actualizaci\u00f3n del marco regulatorio, el levantamiento de encuestas, el protocolo de inspecci\u00f3n para el trabajo infantil, las cl\u00e1usulas tipo en contratos colectivos, la instalaci\u00f3n de la Comisi\u00f3n Intersecretarial para la Prevenci\u00f3n y Erradicaci\u00f3n del Trabajo Infantil y la Protecci\u00f3n de Adolescentes Trabajadores (CITI), y proyectos focalizados en entidades como Guerrero, Jalisco o Baja California, son s\u00f3lo algunas medidas que ha tomado nuestro pa\u00eds.<\/p>\n\n\n\n<p>El sector agr\u00edcola es el m\u00e1s representativo, de acuerdo con el Inegi, el 33% de los menores labora en actividades primarias. Pero no es el \u00fanico, los servicios (23.2%) y el comercio (21.5%) tambi\u00e9n tienen una alta proporci\u00f3n de ni\u00f1as y ni\u00f1os trabajando.&nbsp;<\/p>\n\n\n\n<p>(Informaci\u00f3n de \u201cEl Economista\u201d)<\/p>\n","protected":false},"excerpt":{"rendered":"<p>Redacci\u00f3n\/Zona Roja Cdmx. Ciudad de M\u00e9xico, a 11 de junio de 2024.- Los \u00faltimos datos&hellip;<\/p>\n","protected":false},"author":2,"featured_media":69305,"comment_status":"closed","ping_status":"open","sticky":false,"template":"","format":"standard","meta":{"_lmt_disableupdate":"","_lmt_disable":"","_jetpack_memberships_contains_paid_content":false,"footnotes":""},"categories":[109,47],"tags":[3965],"class_list":["post-69304","post","type-post","status-publish","format-standard","has-post-thumbnail","hentry","category-minuto-a-minuto","category-zona-gris","tag-trabajo-infantil-en-mexico"],"jetpack_featured_media_url":"https:\/\/zonaroja.com.mx\/wp-content\/uploads\/2024\/06\/TRABAJO-INFANTIL.jpg","jetpack_sharing_enabled":true,"_links":{"self":[{"href":"https:\/\/zonaroja.com.mx\/index.php?rest_route=\/wp\/v2\/posts\/69304","targetHints":{"allow":["GET"]}}],"collection":[{"href":"https:\/\/zonaroja.com.mx\/index.php?rest_route=\/wp\/v2\/posts"}],"about":[{"href":"https:\/\/zonaroja.com.mx\/index.php?rest_route=\/wp\/v2\/types\/post"}],"author":[{"embeddable":true,"href":"https:\/\/zonaroja.com.mx\/index.php?rest_route=\/wp\/v2\/users\/2"}],"replies":[{"embeddable":true,"href":"https:\/\/zonaroja.com.mx\/index.php?rest_route=%2Fwp%2Fv2%2Fcomments&post=69304"}],"version-history":[{"count":1,"href":"https:\/\/zonaroja.com.mx\/index.php?rest_route=\/wp\/v2\/posts\/69304\/revisions"}],"predecessor-version":[{"id":69306,"href":"https:\/\/zonaroja.com.mx\/index.php?rest_route=\/wp\/v2\/posts\/69304\/revisions\/69306"}],"wp:featuredmedia":[{"embeddable":true,"href":"https:\/\/zonaroja.com.mx\/index.php?rest_route=\/wp\/v2\/media\/69305"}],"wp:attachment":[{"href":"https:\/\/zonaroja.com.mx\/index.php?rest_route=%2Fwp%2Fv2%2Fmedia&parent=69304"}],"wp:term":[{"taxonomy":"category","embeddable":true,"href":"https:\/\/zonaroja.com.mx\/index.php?rest_route=%2Fwp%2Fv2%2Fcategories&post=69304"},{"taxonomy":"post_tag","embeddable":true,"href":"https:\/\/zonaroja.com.mx\/index.php?rest_route=%2Fwp%2Fv2%2Ftags&post=69304"}],"curies":[{"name":"wp","href":"https:\/\/api.w.org\/{rel}","templated":true}]}}