{"id":69307,"date":"2024-06-11T21:42:16","date_gmt":"2024-06-12T03:42:16","guid":{"rendered":"https:\/\/zonaroja.com.mx\/?p=69307"},"modified":"2024-06-11T21:42:18","modified_gmt":"2024-06-12T03:42:18","slug":"cuenta-el-tecnm-valle-de-etla-con-doctorado-en-ciencias-de-la-ingenieria","status":"publish","type":"post","link":"https:\/\/zonaroja.com.mx\/?p=69307","title":{"rendered":"Cuenta el TecNM Valle de Etla, con Doctorado en Ciencias de la Ingenier\u00eda"},"content":{"rendered":"\n<p>Redacci\u00f3n\/Zona Roja.<\/p>\n\n\n\n<p>Oaxaca de Ju\u00e1rez, Oax., a 11 de junio de 2024.- Este martes, el director del Tecnol\u00f3gico Nacional de M\u00e9xico (TecNM) Valle de Etla, Oaxaca, maestro Adri\u00e1n Mart\u00ednez Vargas, anunci\u00f3 la aprobaci\u00f3n del programa de Doctorado en Ciencias de la Ingenier\u00eda, abierto al estudiantado oaxaque\u00f1o en fase de preparaci\u00f3n profesional.<\/p>\n\n\n\n<p>Este Doctorado se impartir\u00e1 en modalidad escolarizada en la Unidad Acad\u00e9mica de Santiago Suchilquitongo, Etla, as\u00ed como en la \u201cDemetrio Vallejo Mart\u00ednez\u201d, en El Espinal, regi\u00f3n del Istmo, y estar\u00e1 enfocado en la L\u00ednea de Generaci\u00f3n y Aplicaci\u00f3n del Conocimiento (LGAC): Dise\u00f1o de Materiales en Ingenier\u00eda Sustentable (DMIS).<\/p>\n\n\n\n<p>El directivo felicit\u00f3 al equipo de docentes-investigadores(a) responsables de la elaboraci\u00f3n del programa de Posgrado: los doctores Heriberto Cruz Mart\u00ednez, Fernando Montejo \u00c1lvaro, Ram\u00f3n Rom\u00e1n Doval, V\u00edctor Alberto Franco Luj\u00e1n, Carlos Inocencio Cort\u00e9s Mart\u00ednez, Gonzalo Santos L\u00f3pez, Jonathan Toledo Toledo, Diana Carolina Navarro Ibarra y Alejandro G\u00f3mez S\u00e1nchez.<\/p>\n\n\n\n<p>Con este nuevo programa, el TecNM-Valle de Etla, revalida su compromiso de seguir contribuyendo en la formaci\u00f3n de capital humano, buscando completar, actualizar y profundizar sus conocimientos y habilidades para alcanzar un eficaz nivel de ejercicio profesional y cient\u00edfico.&nbsp;<\/p>\n\n\n\n<p>El compromiso es, subray\u00f3, fortalecer los estudios en torno a los objetivos de la agenda estrat\u00e9gica del TecNM: Agua Limpia y Saneamiento, el Corredor Interoce\u00e1nico del Istmo de Tehuantepec y la Autosuficiencia Alimentaria y el Rescate del Campo Mexicano.<\/p>\n\n\n\n<p>Seguiremos, finaliz\u00f3 el maestro Adri\u00e1n Mart\u00ednez Vargas, construyendo los cuadros de profesionistas que Oaxaca, M\u00e9xico y el mundo necesitan.<\/p>\n","protected":false},"excerpt":{"rendered":"<p>Redacci\u00f3n\/Zona Roja. Oaxaca de Ju\u00e1rez, Oax., a 11 de junio de 2024.- Este martes, el&hellip;<\/p>\n","protected":false},"author":2,"featured_media":69308,"comment_status":"closed","ping_status":"open","sticky":false,"template":"","format":"standard","meta":{"_lmt_disableupdate":"","_lmt_disable":"","_jetpack_memberships_contains_paid_content":false,"footnotes":""},"categories":[109,46],"tags":[3186],"class_list":["post-69307","post","type-post","status-publish","format-standard","has-post-thumbnail","hentry","category-minuto-a-minuto","category-zona-blanca","tag-tecnologico-nacional-de-mexico"],"jetpack_featured_media_url":"https:\/\/zonaroja.com.mx\/wp-content\/uploads\/2024\/06\/Tecnologico-del-Valle-doctorado.jpg","jetpack_sharing_enabled":true,"_links":{"self":[{"href":"https:\/\/zonaroja.com.mx\/index.php?rest_route=\/wp\/v2\/posts\/69307","targetHints":{"allow":["GET"]}}],"collection":[{"href":"https:\/\/zonaroja.com.mx\/index.php?rest_route=\/wp\/v2\/posts"}],"about":[{"href":"https:\/\/zonaroja.com.mx\/index.php?rest_route=\/wp\/v2\/types\/post"}],"author":[{"embeddable":true,"href":"https:\/\/zonaroja.com.mx\/index.php?rest_route=\/wp\/v2\/users\/2"}],"replies":[{"embeddable":true,"href":"https:\/\/zonaroja.com.mx\/index.php?rest_route=%2Fwp%2Fv2%2Fcomments&post=69307"}],"version-history":[{"count":1,"href":"https:\/\/zonaroja.com.mx\/index.php?rest_route=\/wp\/v2\/posts\/69307\/revisions"}],"predecessor-version":[{"id":69309,"href":"https:\/\/zonaroja.com.mx\/index.php?rest_route=\/wp\/v2\/posts\/69307\/revisions\/69309"}],"wp:featuredmedia":[{"embeddable":true,"href":"https:\/\/zonaroja.com.mx\/index.php?rest_route=\/wp\/v2\/media\/69308"}],"wp:attachment":[{"href":"https:\/\/zonaroja.com.mx\/index.php?rest_route=%2Fwp%2Fv2%2Fmedia&parent=69307"}],"wp:term":[{"taxonomy":"category","embeddable":true,"href":"https:\/\/zonaroja.com.mx\/index.php?rest_route=%2Fwp%2Fv2%2Fcategories&post=69307"},{"taxonomy":"post_tag","embeddable":true,"href":"https:\/\/zonaroja.com.mx\/index.php?rest_route=%2Fwp%2Fv2%2Ftags&post=69307"}],"curies":[{"name":"wp","href":"https:\/\/api.w.org\/{rel}","templated":true}]}}