{"id":6931,"date":"2019-12-24T13:33:24","date_gmt":"2019-12-24T19:33:24","guid":{"rendered":"https:\/\/www.zonaroja.com.mx\/?p=6931"},"modified":"2019-12-24T13:33:29","modified_gmt":"2019-12-24T19:33:29","slug":"presidente-del-congreso-local-exige-reunion-urgente-de-seguridad-a-gobernador-y-a-tsj","status":"publish","type":"post","link":"https:\/\/zonaroja.com.mx\/?p=6931","title":{"rendered":"Presidente del Congreso local exige reuni\u00f3n urgente de seguridad a gobernador y a TSJ"},"content":{"rendered":"\n<p>Redacci\u00f3n\/Zona Roja. <\/p>\n\n\n\n<p>Oaxaca de Ju\u00e1rez, Oax., 24 de diciembre de 2019.- A fin de hacer frente a la grave crisis de violencia que vive Oaxaca, el presidente de la Junta de Coordinaci\u00f3n Pol\u00edtica del Congreso del Estado, Horacio Sosa Villavicencio, llam\u00f3 este martes al gobernador Alejandro Murat Hinojosa y a la presidenta del Tribunal Superior de Justicia, Mar\u00eda Eugenia Villanueva Abraj\u00e1n, a una reuni\u00f3n urgente. <\/p>\n\n\n\n<p>En un comunicado, el diputado local, convoc\u00f3 a que \u201cencontremos una salida a la brutal realidad que est\u00e1 viviendo el pueblo de Oaxaca.<\/p>\n\n\n\n<p>\u201cSolicito tambi\u00e9n atentamente al secretario de Seguridad y Protecci\u00f3n Ciudadana del gobierno federal, Alfonso Durazo Monta\u00f1o, a que acuda a esta reuni\u00f3n y sume los esfuerzos de la Rep\u00fablica para sacar al estado de Oaxaca de esta grave situaci\u00f3n\u201d, expuso el legislador, coordinador del Grupo Parlamentario de Morena en el Congreso local.<\/p>\n\n\n\n<p>En el documento, hizo referencia tanto a las cifras generadas por el Sistema Nacional de Seguridad P\u00fablica acerca de la comisi\u00f3n en el estado de delitos, como homicidio dolosos, as\u00ed como a las noticias cotidianas sobre nuevos ataques, asesinatos y desapariciones en el estado de Oaxaca.<\/p>\n\n\n\n<p>Dicha informaci\u00f3n \u201cdesmiente de manera franca y expedita las declaraciones de los funcionarios encargados del sector, en el sentido de que Oaxaca es una entidad segura, y que el problema es solamente la percepci\u00f3n de la gente\u201d, se\u00f1al\u00f3.<\/p>\n\n\n\n<p>\u201cLes invito a construir en conjunto una sola v\u00eda para pacificar al estado, y garantizar la seguridad de las familias oaxaque\u00f1as\u201d, dijo. \u201cLa inseguridad en la que vivimos las oaxaque\u00f1as y los oaxaque\u00f1os es intolerable; Oaxaca ya no aguanta m\u00e1s\u201d, concluy\u00f3. <\/p>\n","protected":false},"excerpt":{"rendered":"<p>Redacci\u00f3n\/Zona Roja. Oaxaca de Ju\u00e1rez, Oax., 24 de diciembre de 2019.- A fin de hacer&hellip;<\/p>\n","protected":false},"author":2,"featured_media":6930,"comment_status":"closed","ping_status":"open","sticky":false,"template":"","format":"standard","meta":{"_lmt_disableupdate":"","_lmt_disable":"","_jetpack_memberships_contains_paid_content":false,"footnotes":""},"categories":[109,51],"tags":[444],"class_list":["post-6931","post","type-post","status-publish","format-standard","has-post-thumbnail","hentry","category-minuto-a-minuto","category-zona-roja","tag-horacio-sosa-villavicencio"],"jetpack_featured_media_url":"https:\/\/zonaroja.com.mx\/wp-content\/uploads\/2019\/12\/6f4bbe3c-c735-43ea-91d4-489f90c662a0.jpg","jetpack_sharing_enabled":true,"_links":{"self":[{"href":"https:\/\/zonaroja.com.mx\/index.php?rest_route=\/wp\/v2\/posts\/6931","targetHints":{"allow":["GET"]}}],"collection":[{"href":"https:\/\/zonaroja.com.mx\/index.php?rest_route=\/wp\/v2\/posts"}],"about":[{"href":"https:\/\/zonaroja.com.mx\/index.php?rest_route=\/wp\/v2\/types\/post"}],"author":[{"embeddable":true,"href":"https:\/\/zonaroja.com.mx\/index.php?rest_route=\/wp\/v2\/users\/2"}],"replies":[{"embeddable":true,"href":"https:\/\/zonaroja.com.mx\/index.php?rest_route=%2Fwp%2Fv2%2Fcomments&post=6931"}],"version-history":[{"count":1,"href":"https:\/\/zonaroja.com.mx\/index.php?rest_route=\/wp\/v2\/posts\/6931\/revisions"}],"predecessor-version":[{"id":6932,"href":"https:\/\/zonaroja.com.mx\/index.php?rest_route=\/wp\/v2\/posts\/6931\/revisions\/6932"}],"wp:featuredmedia":[{"embeddable":true,"href":"https:\/\/zonaroja.com.mx\/index.php?rest_route=\/wp\/v2\/media\/6930"}],"wp:attachment":[{"href":"https:\/\/zonaroja.com.mx\/index.php?rest_route=%2Fwp%2Fv2%2Fmedia&parent=6931"}],"wp:term":[{"taxonomy":"category","embeddable":true,"href":"https:\/\/zonaroja.com.mx\/index.php?rest_route=%2Fwp%2Fv2%2Fcategories&post=6931"},{"taxonomy":"post_tag","embeddable":true,"href":"https:\/\/zonaroja.com.mx\/index.php?rest_route=%2Fwp%2Fv2%2Ftags&post=6931"}],"curies":[{"name":"wp","href":"https:\/\/api.w.org\/{rel}","templated":true}]}}