{"id":69313,"date":"2024-06-12T07:24:28","date_gmt":"2024-06-12T13:24:28","guid":{"rendered":"https:\/\/zonaroja.com.mx\/?p=69313"},"modified":"2024-06-12T07:24:30","modified_gmt":"2024-06-12T13:24:30","slug":"otra-de-murat-dejo-a-empresa-centro-cultural-alvaro-carrillo","status":"publish","type":"post","link":"https:\/\/zonaroja.com.mx\/?p=69313","title":{"rendered":"Otra de Murat: dej\u00f3 a empresa Centro Cultural \u201c\u00c1lvaro Carrillo\u201d"},"content":{"rendered":"\n<p>Ismael Garc\u00eda M.\/Zona Roja.<\/p>\n\n\n\n<p>Oaxaca de Ju\u00e1rez, Oax., a 12 de junio de 2024.- Dependencias del gobierno de Oaxaca en coordinaci\u00f3n con la Fiscal\u00eda General del Estado recuperaron ayer la sede del Centro Cultural \u201c\u00c1lvaro Carrillo\u201d, en la capital.<\/p>\n\n\n\n<p>Esta obra tuvo una inversi\u00f3n superior a los 360 millones de pesos y fue inaugurado por el entonces gobernador Alejandro Murat Hinojosa en el \u00faltimo mes de su sexenio, pero se lo habr\u00eda cedido a la empresa ICA.<\/p>\n\n\n\n<p>La compa\u00f1\u00eda constructora nacional se apropi\u00f3 del inmueble, ubicado en la calzada Madero esquina con avenida Tecnol\u00f3gico, al argumentar que le adeudaban dinero e incluso contrat\u00f3 a una empresa privada para resguardarlo con seguridad.<\/p>\n\n\n\n<p>De acuerdo con la Consejer\u00eda Jur\u00eddica y Asistencia Legal del gobierno estatal, una vez que se analiz\u00f3 la situaci\u00f3n, se le pidi\u00f3 a la empresa liberar el edificio pero \u00e9sta se opuso, por lo cual mediante la orden de un juez, fue necesaria la intervenci\u00f3n de fuerzas policiacas, coordinadas por la Fiscal\u00eda General.<\/p>\n\n\n\n<p>El edificio a\u00fan se encuentra inconcluso, al alegar la empresa ICA falta de pago, por lo cual lo ten\u00eda en su poder. Ahora vuelve a ser propiedad del Estado en tanto se indaga la responsabilidad del ex mandatario estatal priista, ahora senador electo por Morena.<\/p>\n\n\n\n<p>Fue el 20 de noviembre de 2022, a 10 d\u00edas de entregar el cargo, en que Murat Hinojosa inaugur\u00f3 el complejo cultura, con la presentaci\u00f3n de diversas actividades, pero con servicios b\u00e1sicos provisionales.<\/p>\n\n\n\n<p>En un comunicado de esa fecha, inform\u00f3 que se invirtieron 360 millones de pesos \u201cpara hacer un espacio con los est\u00e1ndares internacionales que permitir\u00e1n generar nuevos circuitos tur\u00edsticos y culturales del estado.<\/p>\n\n\n\n<p>Supuestamente cuenta con un aforo para mil personas, un sala de cine, un museo, una sala de exposiciones, espacios p\u00fablicos al aire libre, zona de talleres, comercial, cafeter\u00eda y estacionamiento.<\/p>\n\n\n\n<figure class=\"wp-block-embed is-type-rich is-provider-twitter wp-block-embed-twitter\"><div class=\"wp-block-embed__wrapper\">\n<div class=\"twitter-tweet\"><blockquote class=\"twitter-tweet\" data-lang=\"es\"><p lang=\"es\" dir=\"ltr\">Esta tarde, diversas corporaciones policiacas realizan un operativo en inmediaciones del monumento a la Madre, ciudad de <a href=\"https:\/\/twitter.com\/hashtag\/Oaxaca?src=hash&amp;ref_src=twsrc%5Etfw\">#Oaxaca<\/a>. <br><br>Presuntamente van a recuperar el centro cultural que dej\u00f3 inconcluso el ex gobernador <a href=\"https:\/\/twitter.com\/alejandromurat?ref_src=twsrc%5Etfw\">@AlejandroMurat<\/a>, ahora de Morena, y que habr\u00eda cedido a un\u2026 <a href=\"https:\/\/t.co\/8R9LSz6vCz\">pic.twitter.com\/8R9LSz6vCz<\/a><\/p>&mdash; Zona Roja Oaxaca (@ZonaRoja_Oaxaca) <a href=\"https:\/\/twitter.com\/ZonaRoja_Oaxaca\/status\/1800700085795213558?ref_src=twsrc%5Etfw\">12 de junio de 2024<\/a><\/blockquote><\/div>\n<\/div><\/figure>\n","protected":false},"excerpt":{"rendered":"<p>Ismael Garc\u00eda M.\/Zona Roja. Oaxaca de Ju\u00e1rez, Oax., a 12 de junio de 2024.- Dependencias&hellip;<\/p>\n","protected":false},"author":2,"featured_media":69314,"comment_status":"closed","ping_status":"open","sticky":false,"template":"","format":"standard","meta":{"_lmt_disableupdate":"","_lmt_disable":"","_jetpack_memberships_contains_paid_content":false,"footnotes":""},"categories":[109,47],"tags":[102,3967],"class_list":["post-69313","post","type-post","status-publish","format-standard","has-post-thumbnail","hentry","category-minuto-a-minuto","category-zona-gris","tag-alejandro-murat","tag-centro-cultural-alvaro-carrillo"],"jetpack_featured_media_url":"https:\/\/zonaroja.com.mx\/wp-content\/uploads\/2024\/06\/Recuperan-centro-cultural-Alvaro-Carrillo.jpg","jetpack_sharing_enabled":true,"_links":{"self":[{"href":"https:\/\/zonaroja.com.mx\/index.php?rest_route=\/wp\/v2\/posts\/69313","targetHints":{"allow":["GET"]}}],"collection":[{"href":"https:\/\/zonaroja.com.mx\/index.php?rest_route=\/wp\/v2\/posts"}],"about":[{"href":"https:\/\/zonaroja.com.mx\/index.php?rest_route=\/wp\/v2\/types\/post"}],"author":[{"embeddable":true,"href":"https:\/\/zonaroja.com.mx\/index.php?rest_route=\/wp\/v2\/users\/2"}],"replies":[{"embeddable":true,"href":"https:\/\/zonaroja.com.mx\/index.php?rest_route=%2Fwp%2Fv2%2Fcomments&post=69313"}],"version-history":[{"count":1,"href":"https:\/\/zonaroja.com.mx\/index.php?rest_route=\/wp\/v2\/posts\/69313\/revisions"}],"predecessor-version":[{"id":69315,"href":"https:\/\/zonaroja.com.mx\/index.php?rest_route=\/wp\/v2\/posts\/69313\/revisions\/69315"}],"wp:featuredmedia":[{"embeddable":true,"href":"https:\/\/zonaroja.com.mx\/index.php?rest_route=\/wp\/v2\/media\/69314"}],"wp:attachment":[{"href":"https:\/\/zonaroja.com.mx\/index.php?rest_route=%2Fwp%2Fv2%2Fmedia&parent=69313"}],"wp:term":[{"taxonomy":"category","embeddable":true,"href":"https:\/\/zonaroja.com.mx\/index.php?rest_route=%2Fwp%2Fv2%2Fcategories&post=69313"},{"taxonomy":"post_tag","embeddable":true,"href":"https:\/\/zonaroja.com.mx\/index.php?rest_route=%2Fwp%2Fv2%2Ftags&post=69313"}],"curies":[{"name":"wp","href":"https:\/\/api.w.org\/{rel}","templated":true}]}}