{"id":69316,"date":"2024-06-12T09:28:00","date_gmt":"2024-06-12T15:28:00","guid":{"rendered":"https:\/\/zonaroja.com.mx\/?p=69316"},"modified":"2024-06-12T07:30:07","modified_gmt":"2024-06-12T13:30:07","slug":"promueven-en-el-congreso-de-oaxaca-lenguaje-de-senas-mexicanas","status":"publish","type":"post","link":"https:\/\/zonaroja.com.mx\/?p=69316","title":{"rendered":"Promueven en el Congreso de Oaxaca lenguaje de se\u00f1as mexicanas"},"content":{"rendered":"\n<p>Redacci\u00f3n\/Zona Roja.<\/p>\n\n\n\n<p>Oaxaca de Ju\u00e1rez, Oax., a 12 de junio de 2024.- Con el prop\u00f3sito de aprender a comunicarse adecuadamente con las personas sordas y atenderlas correctamente, en el Congreso de Oaxaca inici\u00f3 el taller sobre la Lengua de Se\u00f1as Mexicana, impartido por instructores certificados.<\/p>\n\n\n\n<p>Al inaugurar el \u201cCurso introductorio de sensibilizaci\u00f3n para la atenci\u00f3n de personas sordas\u201d, el presidente de la Junta de Coordinaci\u00f3n Pol\u00edtica (Jucopo) de la 65 Legislatura local, Sergio L\u00f3pez S\u00e1nchez, resalt\u00f3 que el 10 de junio se conmemor\u00f3 el D\u00eda Nacional de la Lengua de Se\u00f1as Mexicana, y manifest\u00f3 el compromiso y la responsabilidad del Congreso local para garantizar la inclusi\u00f3n de las personas en la sociedad.<\/p>\n\n\n\n<p>\u201cPara tener una sociedad m\u00e1s justa, m\u00e1s igualitaria, siempre tenemos que ser incluyentes, considerar a todas y todos. D\u00eda con d\u00eda lo que justamente buscamos es tener una sociedad m\u00e1s incluyente, m\u00e1s participativa, m\u00e1s justa\u201d, expres\u00f3.<\/p>\n\n\n\n<p>Por su parte, la presidenta de la Comisi\u00f3n Permanente de Grupos en Situaci\u00f3n de Vulnerabilidad, X\u00f3chitl Jazm\u00edn Vel\u00e1zquez V\u00e1squez, destac\u00f3 la importancia de que todas las personas est\u00e9n preparadas en la Lengua de Se\u00f1as Mexicana para dar la atenci\u00f3n adecuada a las personas sordas, por lo que expres\u00f3 que \u00e9sta debe ense\u00f1arse desde la educaci\u00f3n b\u00e1sica.<\/p>\n\n\n\n<p>\u201cSi empezamos en las escuelas vamos a lograr una sociedad verdaderamente incluyente, y esa ya es tarea de nosotros los legisladores de estar implementando estos talleres\u201d, declar\u00f3.<\/p>\n\n\n\n<p>El taller es impartido por los instructores certificados en Lengua de Se\u00f1as Mexicana: Laura Patricia Espinoza L\u00f3pez, \u00c9rik Alejandro Blas Alonso y David Ram\u00edrez Jim\u00e9nez<\/p>\n\n\n\n<p>Durante la primera sesi\u00f3n de este curso, David Ram\u00edrez Jim\u00e9nez, dialog\u00f3 con las y los asistentes sobre lo fundamental que es la preparaci\u00f3n para comunicarse con las personas que no escuchan, y la urgencia de adaptarse a ellas, y no ellas a nosotros, ya que ellas saben comunicarse correctamente en la Lengua de Se\u00f1as.<\/p>\n\n\n\n<p>\u201cLos que no les entendemos somos nosotros, \u00bfqui\u00e9nes ser\u00edan las personas con discapacidad?, nosotros\u201d, reflexion\u00f3.<\/p>\n\n\n\n<p>Por su parte, \u00c9rik Alejandro Blas Alonso, quien es sordo, narr\u00f3 su historia y los retos a los que se ha enfrentado en la sociedad.<\/p>\n\n\n\n<p>Mientras Laura Patricia Espinoza L\u00f3pez, ense\u00f1\u00f3 a las y los asistentes el abecedario, que consta de 27 letras.<\/p>\n\n\n\n<p>El taller consta de cuatro sesiones, cada martes a partir de este 11 de junio y hasta el 2 de julio del presente a\u00f1o, el cual se realiza en la sala audiovisual del Congreso de Oaxaca.<\/p>\n\n\n\n<p>Es organizado por la Direcci\u00f3n de Comunicaci\u00f3n Social del Congreso local, y est\u00e1 dirigido al personal de este poder y al p\u00fablico en general.<\/p>\n","protected":false},"excerpt":{"rendered":"<p>Redacci\u00f3n\/Zona Roja. Oaxaca de Ju\u00e1rez, Oax., a 12 de junio de 2024.- Con el prop\u00f3sito&hellip;<\/p>\n","protected":false},"author":2,"featured_media":69317,"comment_status":"closed","ping_status":"open","sticky":false,"template":"","format":"standard","meta":{"_lmt_disableupdate":"","_lmt_disable":"","_jetpack_memberships_contains_paid_content":false,"footnotes":""},"categories":[109,46],"tags":[],"class_list":["post-69316","post","type-post","status-publish","format-standard","has-post-thumbnail","hentry","category-minuto-a-minuto","category-zona-blanca"],"jetpack_featured_media_url":"https:\/\/zonaroja.com.mx\/wp-content\/uploads\/2024\/06\/Emprende-Congreso-de-Oaxaca-curso-de-Lengua-de-Senas-Mexicana_2.jpeg","jetpack_sharing_enabled":true,"_links":{"self":[{"href":"https:\/\/zonaroja.com.mx\/index.php?rest_route=\/wp\/v2\/posts\/69316","targetHints":{"allow":["GET"]}}],"collection":[{"href":"https:\/\/zonaroja.com.mx\/index.php?rest_route=\/wp\/v2\/posts"}],"about":[{"href":"https:\/\/zonaroja.com.mx\/index.php?rest_route=\/wp\/v2\/types\/post"}],"author":[{"embeddable":true,"href":"https:\/\/zonaroja.com.mx\/index.php?rest_route=\/wp\/v2\/users\/2"}],"replies":[{"embeddable":true,"href":"https:\/\/zonaroja.com.mx\/index.php?rest_route=%2Fwp%2Fv2%2Fcomments&post=69316"}],"version-history":[{"count":1,"href":"https:\/\/zonaroja.com.mx\/index.php?rest_route=\/wp\/v2\/posts\/69316\/revisions"}],"predecessor-version":[{"id":69318,"href":"https:\/\/zonaroja.com.mx\/index.php?rest_route=\/wp\/v2\/posts\/69316\/revisions\/69318"}],"wp:featuredmedia":[{"embeddable":true,"href":"https:\/\/zonaroja.com.mx\/index.php?rest_route=\/wp\/v2\/media\/69317"}],"wp:attachment":[{"href":"https:\/\/zonaroja.com.mx\/index.php?rest_route=%2Fwp%2Fv2%2Fmedia&parent=69316"}],"wp:term":[{"taxonomy":"category","embeddable":true,"href":"https:\/\/zonaroja.com.mx\/index.php?rest_route=%2Fwp%2Fv2%2Fcategories&post=69316"},{"taxonomy":"post_tag","embeddable":true,"href":"https:\/\/zonaroja.com.mx\/index.php?rest_route=%2Fwp%2Fv2%2Ftags&post=69316"}],"curies":[{"name":"wp","href":"https:\/\/api.w.org\/{rel}","templated":true}]}}