{"id":69332,"date":"2024-06-12T08:36:18","date_gmt":"2024-06-12T14:36:18","guid":{"rendered":"https:\/\/zonaroja.com.mx\/?p=69332"},"modified":"2024-06-12T08:36:20","modified_gmt":"2024-06-12T14:36:20","slug":"se-deslinda-comite-de-victimas-de-nochixtlan-de-41-mdp-para-la-seccion-22","status":"publish","type":"post","link":"https:\/\/zonaroja.com.mx\/?p=69332","title":{"rendered":"Se deslinda Comit\u00e9 de V\u00edctimas de Nochixtl\u00e1n de 41 mdp para la Secci\u00f3n 22"},"content":{"rendered":"\n<p>Raymundo Morales\/Zona Roja.<\/p>\n\n\n\n<p>Oaxaca de Ju\u00e1rez, Oax., a 12 de junio de 2024.- El Comit\u00e9 de V\u00edctimas de Nochixtl\u00e1n se deslind\u00f3 del logro de la Secci\u00f3n 22 del SNTE de 41 millones de pesos para indemnizar a los deudos de muertos y heridos durante los hechos violentos del 19 de junio de 2016.<\/p>\n\n\n\n<p>\u201cComo lo hemos venido sosteniendo durante estos casi ocho a\u00f1os, nuestra lucha es por justicia y verdad. Nuestra principal exigencia al Estado mexicano es que los responsables materiales e intelectuales de la masacre sean enjuiciados y encarcelados por su responsabilidad durante el operativo que dej\u00f3 un saldo de siete personas civiles muertas, m\u00e1s de 80 heridos de bala y cientos de afectados por aquellos hechos\u201d, puntualiz\u00f3.<\/p>\n\n\n\n<p>En un comunicado, dijo que desde aquel 19 de junio de 2016 las v\u00edctimas directas e indirectas aglutinadas en este comit\u00e9 han dejado muy en claro que no aceptar\u00e1n ning\u00fan pago como reparaci\u00f3n del da\u00f1o, \u201cporque las vidas de nuestros familiares y hermanos que cayeron v\u00edctimas de las balas asesinas de<\/p>\n\n\n\n<p>Enrique Pe\u00f1a Nieto y el PRI, no tienen precio\u201d.<\/p>\n\n\n\n<p>Apunt\u00f3 que hasta este momento el gobierno federal ha hecho o\u00eddos sordos a la exigencia de justicia por los hechos del 19 de junio de 2016 y \u201cprefiere comprar conciencias bajo el concepto de reparaci\u00f3n del da\u00f1o antes de encarcelar a los priistas y gabinistas responsables de la masacre\u201d.<\/p>\n\n\n\n<p>Reiter\u00f3 que son respetuosos de las v\u00edctimas directas e indirectas que est\u00e1n dispuestos a recibir un pago econ\u00f3mico por concepto de reparaci\u00f3n del da\u00f1o, \u201csin embargo, no compartimos la idea de anteponer el inter\u00e9s econ\u00f3mico por encima de justicia y verdad por los hechos de Nochixtl\u00e1n.\u201d<\/p>\n\n\n\n<p>El Comit\u00e9 de V\u00edctimas agreg\u00f3 que a\u00fan y cuando el gobierno mexicano pretenda seguir protegiendo a los responsables de la masacre, continuar\u00e1n con la lucha pol\u00edtica y jur\u00eddica hasta conseguir justicia y verdad.<\/p>\n\n\n\n<p>\u201cSeguiremos remando contra corriente y no permitiremos que Nochixtl\u00e1n sea un caso m\u00e1s de impunidad.<\/p>\n\n\n\n<p>\u201cFinalmente, expresamos nuestra solidaridad a magisterio oaxaque\u00f1o ante la guerra medi\u00e1tica de la que est\u00e1n siendo objeto y con la cual se pretende desprestigiar la lucha hist\u00f3rica que han librado por mejorar las condiciones laborales de los trabajadores de la educaci\u00f3n\u201d.&nbsp;<\/p>\n","protected":false},"excerpt":{"rendered":"<p>Raymundo Morales\/Zona Roja. Oaxaca de Ju\u00e1rez, Oax., a 12 de junio de 2024.- El Comit\u00e9&hellip;<\/p>\n","protected":false},"author":2,"featured_media":69333,"comment_status":"closed","ping_status":"open","sticky":false,"template":"","format":"standard","meta":{"_lmt_disableupdate":"","_lmt_disable":"","_jetpack_memberships_contains_paid_content":false,"footnotes":""},"categories":[109,47],"tags":[249],"class_list":["post-69332","post","type-post","status-publish","format-standard","has-post-thumbnail","hentry","category-minuto-a-minuto","category-zona-gris","tag-comite-de-victimas-nochixtlan"],"jetpack_featured_media_url":"https:\/\/zonaroja.com.mx\/wp-content\/uploads\/2024\/06\/Comite-de-Victimas-Nochixtlan.webp","jetpack_sharing_enabled":true,"_links":{"self":[{"href":"https:\/\/zonaroja.com.mx\/index.php?rest_route=\/wp\/v2\/posts\/69332","targetHints":{"allow":["GET"]}}],"collection":[{"href":"https:\/\/zonaroja.com.mx\/index.php?rest_route=\/wp\/v2\/posts"}],"about":[{"href":"https:\/\/zonaroja.com.mx\/index.php?rest_route=\/wp\/v2\/types\/post"}],"author":[{"embeddable":true,"href":"https:\/\/zonaroja.com.mx\/index.php?rest_route=\/wp\/v2\/users\/2"}],"replies":[{"embeddable":true,"href":"https:\/\/zonaroja.com.mx\/index.php?rest_route=%2Fwp%2Fv2%2Fcomments&post=69332"}],"version-history":[{"count":1,"href":"https:\/\/zonaroja.com.mx\/index.php?rest_route=\/wp\/v2\/posts\/69332\/revisions"}],"predecessor-version":[{"id":69334,"href":"https:\/\/zonaroja.com.mx\/index.php?rest_route=\/wp\/v2\/posts\/69332\/revisions\/69334"}],"wp:featuredmedia":[{"embeddable":true,"href":"https:\/\/zonaroja.com.mx\/index.php?rest_route=\/wp\/v2\/media\/69333"}],"wp:attachment":[{"href":"https:\/\/zonaroja.com.mx\/index.php?rest_route=%2Fwp%2Fv2%2Fmedia&parent=69332"}],"wp:term":[{"taxonomy":"category","embeddable":true,"href":"https:\/\/zonaroja.com.mx\/index.php?rest_route=%2Fwp%2Fv2%2Fcategories&post=69332"},{"taxonomy":"post_tag","embeddable":true,"href":"https:\/\/zonaroja.com.mx\/index.php?rest_route=%2Fwp%2Fv2%2Ftags&post=69332"}],"curies":[{"name":"wp","href":"https:\/\/api.w.org\/{rel}","templated":true}]}}