{"id":6934,"date":"2019-12-24T15:09:48","date_gmt":"2019-12-24T21:09:48","guid":{"rendered":"http:\/\/www.zonaroja.com.mx\/?p=6934"},"modified":"2019-12-24T15:09:52","modified_gmt":"2019-12-24T21:09:52","slug":"incompetente-la-fiscalia-de-oaxaca-que-renuncie-su-titular-salomon-jara","status":"publish","type":"post","link":"https:\/\/zonaroja.com.mx\/?p=6934","title":{"rendered":"Incompetente la Fiscal\u00eda de Oaxaca, que renuncie su titular: Salom\u00f3n Jara"},"content":{"rendered":"\n<p>Redacci\u00f3n\/Zona\nRoja.<\/p>\n\n\n\n<p>Oaxaca de\nJu\u00e1rez, Oax., 24 de diciembre de 2019.- Luego del asesinato del edil de Jalapa\nde D\u00edaz, Arturo Garc\u00eda Vel\u00e1squez, y el s\u00edndico hacendario de la localidad,\nV\u00edctor Terrero, el senador Salom\u00f3n Jara Cruz acus\u00f3 a la Fiscal\u00eda General del\nEstado de Oaxaca de ser incompetente y llam\u00f3 mentiroso al titular de la\ndependencia Rub\u00e9n Vasconcelos M\u00e9ndez. <\/p>\n\n\n\n<p>Junto con\notros representantes populares de Morena en Oaxaca, como Irma Juan Carlos, adem\u00e1s\nde Flavio Sosa Villavicencio y Jes\u00fas Romero L\u00f3pez, entre otros, coincidieron en\ncondenar el crimen del edil y el incremento de la violencia en la entidad, que\na todas luces se ve ha salido del control de las autoridades. <\/p>\n\n\n\n<p>El tambi\u00e9n vicecoordinador en el Senado de la Rep\u00fablica, indic\u00f3 que cerrar\u00e1n filas para conseguir la mayor\u00eda al interior del Congreso local que les permita destituir al fiscal de Oaxaca, debido a que hace unos meses intent\u00f3 construir delitos que mancharon la imagen del edil reci\u00e9n asesinado, a la par que le pidi\u00f3 renunciar por dignidad.<\/p>\n\n\n\n<figure class=\"wp-block-embed-twitter wp-block-embed is-type-rich is-provider-twitter\"><div class=\"wp-block-embed__wrapper\">\n<div class=\"twitter-tweet\"><blockquote class=\"twitter-tweet\" data-lang=\"es\"><p lang=\"es\" dir=\"ltr\"><a href=\"https:\/\/twitter.com\/hashtag\/OaxacaRojo?src=hash&amp;ref_src=twsrc%5Etfw\">#OaxacaRojo<\/a><br>Caso asesinatos Jalapa de D\u00edaz:<br>\u201cNo recurrimos a las autoridades estatales porque no confiamos en <a href=\"https:\/\/twitter.com\/FISCALIA_GobOax?ref_src=twsrc%5Etfw\">@FISCALIA_GobOax<\/a> <a href=\"https:\/\/twitter.com\/RVasconcelosM?ref_src=twsrc%5Etfw\">@RVasconcelosM<\/a>, un mentiroso\u201d, dijo hoy el senador por <a href=\"https:\/\/twitter.com\/PartidoMorenaMx?ref_src=twsrc%5Etfw\">@PartidoMorenaMx<\/a>, <a href=\"https:\/\/twitter.com\/salomonj?ref_src=twsrc%5Etfw\">@salomonj<\/a>, acompa\u00f1ado de <a href=\"https:\/\/twitter.com\/irmajuancarlos?ref_src=twsrc%5Etfw\">@irmajuancarlos<\/a>, <a href=\"https:\/\/twitter.com\/flaviososavilla?ref_src=twsrc%5Etfw\">@flaviososavilla<\/a> y <a href=\"https:\/\/twitter.com\/JesusRomero_Oax?ref_src=twsrc%5Etfw\">@JesusRomero_Oax<\/a>. <a href=\"https:\/\/t.co\/3xLvXaEXWQ\">pic.twitter.com\/3xLvXaEXWQ<\/a><\/p>&mdash; Zona Roja Oaxaca (@MexRoja) <a href=\"https:\/\/twitter.com\/MexRoja\/status\/1209546363798618112?ref_src=twsrc%5Etfw\">24 de diciembre de 2019<\/a><\/blockquote><\/div>\n<\/div><\/figure>\n\n\n\n<p>\u201cSi no\npuede el se\u00f1or fiscal que renuncie, ya que se vaya, por dignidad que renuncie\nno puede haber en Oaxaca este tipo de violencia, que vivamos en la\nincertidumbre\u201d, dijo. <\/p>\n\n\n\n<p>Y es que\nJara Cruz record\u00f3 que hace un a\u00f1o tambi\u00e9n fue asesinado Alejandro Aparicio,\nedil electo en Tlaxiaco y las investigaciones no han dado con el paradero de\nlos autores intelectuales.<\/p>\n\n\n\n<p>Si bien\nse detuvo a una persona que accion\u00f3 el arma contra el pol\u00edtico, lo anterior se\nllev\u00f3 a cabo gracias a que fue perseguido y capturado por habitantes de la\nlocalidad. <\/p>\n\n\n\n<p>Mientras\nque en el dram\u00e1tico caso de la joven saxofonista Mar\u00eda Elena R\u00edos, atacada con\n\u00e1cido hace m\u00e1s de tres meses, tampoco se han obtenidos resultados contundentes\npara dar sancionar al autor intelectual del hecho violento, pese al reciente\nanuncio de la captura del presunto responsable. <\/p>\n\n\n\n<p>As\u00ed mismo,\ninsisti\u00f3 que el fiscal Rub\u00e9n Vasconcelos intent\u00f3 fabricarle delitos al edil en\noctubre pasado, luego de su detenci\u00f3n arbitraria, la cual pidieron comprobar y\nrevertir se\u00f1alando las fallas en el procedimiento realizado por la dependencia.\n<\/p>\n\n\n\n<p>Lo\nanterior explic\u00f3 da muestra de la mala actuaci\u00f3n de la Fiscal\u00eda en la cual no\nconf\u00edan por lo que pedir\u00e1n que el caso del doble homicidio sea atra\u00eddo por la\nFiscal\u00eda General de la Rep\u00fablica a fin de obtener justicia y que el crimen que\nno quede en la impunidad.<\/p>\n\n\n\n<p>Finalmente\nsolicit\u00f3 al gobernador de Oaxaca, Alejandro Murat Hinojosa, ponga puntual\natenci\u00f3n en el tema de seguridad y justicia, ya que evidente la situaci\u00f3n est\u00e1\nsali\u00e9ndose de control en la entidad como lo refieren los m\u00faltiples hechos\nviolentos registrados recientemente.<\/p>\n\n\n\n<p>\u201cLe pedimos al se\u00f1or Murat que se aplique como lo est\u00e1 haciendo el Presidenta de la Rep\u00fablica que desde muy temprana hora inicia con sus actividades en materia de seguridad\u201d, sentenci\u00f3.<\/p>\n\n\n\n<figure class=\"wp-block-embed-twitter wp-block-embed is-type-rich is-provider-twitter\"><div class=\"wp-block-embed__wrapper\">\n<div class=\"twitter-tweet\"><blockquote class=\"twitter-tweet\" data-lang=\"es\"><p lang=\"es\" dir=\"ltr\"><a href=\"https:\/\/twitter.com\/hashtag\/ENVIVO?src=hash&amp;ref_src=twsrc%5Etfw\">#ENVIVO<\/a><br>Conferencia de prensa de legisladores y militantes del Partido Morena sobre el caso del doble homicidio en Jalapa de D\u00edaz, Oaxaca. <br>\ud83d\udc47<a href=\"https:\/\/t.co\/jylXc683uz\">https:\/\/t.co\/jylXc683uz<\/a> <a href=\"https:\/\/t.co\/PsGACZtyns\">pic.twitter.com\/PsGACZtyns<\/a><\/p>&mdash; Zona Roja Oaxaca (@MexRoja) <a href=\"https:\/\/twitter.com\/MexRoja\/status\/1209530265770455040?ref_src=twsrc%5Etfw\">24 de diciembre de 2019<\/a><\/blockquote><\/div>\n<\/div><\/figure>\n","protected":false},"excerpt":{"rendered":"<p>Redacci\u00f3n\/Zona Roja. Oaxaca de Ju\u00e1rez, Oax., 24 de diciembre de 2019.- Luego del asesinato del&hellip;<\/p>\n","protected":false},"author":2,"featured_media":6935,"comment_status":"closed","ping_status":"open","sticky":false,"template":"","format":"standard","meta":{"_lmt_disableupdate":"","_lmt_disable":"","_jetpack_memberships_contains_paid_content":false,"footnotes":""},"categories":[109,47],"tags":[930,170,939],"class_list":["post-6934","post","type-post","status-publish","format-standard","has-post-thumbnail","hentry","category-minuto-a-minuto","category-zona-gris","tag-arturo-garcia-velasquez","tag-ruben-vasconcelos-mendez","tag-salomon-jara-cruz"],"jetpack_featured_media_url":"https:\/\/zonaroja.com.mx\/wp-content\/uploads\/2019\/12\/Conferencia-Salom\u00f3n-Jara.jpg","jetpack_sharing_enabled":true,"_links":{"self":[{"href":"https:\/\/zonaroja.com.mx\/index.php?rest_route=\/wp\/v2\/posts\/6934","targetHints":{"allow":["GET"]}}],"collection":[{"href":"https:\/\/zonaroja.com.mx\/index.php?rest_route=\/wp\/v2\/posts"}],"about":[{"href":"https:\/\/zonaroja.com.mx\/index.php?rest_route=\/wp\/v2\/types\/post"}],"author":[{"embeddable":true,"href":"https:\/\/zonaroja.com.mx\/index.php?rest_route=\/wp\/v2\/users\/2"}],"replies":[{"embeddable":true,"href":"https:\/\/zonaroja.com.mx\/index.php?rest_route=%2Fwp%2Fv2%2Fcomments&post=6934"}],"version-history":[{"count":1,"href":"https:\/\/zonaroja.com.mx\/index.php?rest_route=\/wp\/v2\/posts\/6934\/revisions"}],"predecessor-version":[{"id":6936,"href":"https:\/\/zonaroja.com.mx\/index.php?rest_route=\/wp\/v2\/posts\/6934\/revisions\/6936"}],"wp:featuredmedia":[{"embeddable":true,"href":"https:\/\/zonaroja.com.mx\/index.php?rest_route=\/wp\/v2\/media\/6935"}],"wp:attachment":[{"href":"https:\/\/zonaroja.com.mx\/index.php?rest_route=%2Fwp%2Fv2%2Fmedia&parent=6934"}],"wp:term":[{"taxonomy":"category","embeddable":true,"href":"https:\/\/zonaroja.com.mx\/index.php?rest_route=%2Fwp%2Fv2%2Fcategories&post=6934"},{"taxonomy":"post_tag","embeddable":true,"href":"https:\/\/zonaroja.com.mx\/index.php?rest_route=%2Fwp%2Fv2%2Ftags&post=6934"}],"curies":[{"name":"wp","href":"https:\/\/api.w.org\/{rel}","templated":true}]}}