{"id":69349,"date":"2024-06-13T06:58:05","date_gmt":"2024-06-13T12:58:05","guid":{"rendered":"https:\/\/zonaroja.com.mx\/?p=69349"},"modified":"2024-06-13T06:58:07","modified_gmt":"2024-06-13T12:58:07","slug":"identifican-a-las-tres-deportistas-muertas-en-accidente-en-la-mixteca","status":"publish","type":"post","link":"https:\/\/zonaroja.com.mx\/?p=69349","title":{"rendered":"Identifican a las tres deportistas muertas en accidente en la Mixteca"},"content":{"rendered":"\n<p>Raymundo Morales\/Zona Roja.<\/p>\n\n\n\n<p>Oaxaca de Ju\u00e1rez, Oax., a 13 de junio de 2024.- Como Alicia Z\u00fa\u00f1iga Jim\u00e9nez, originaria de la cabecera de Santa Cruz Itundujia; Azucena Aparicio, de la localidad Nuevo Allende, Itundujia, y Jazm\u00edn Hern\u00e1ndez Becerril, de Oaxaca de Ju\u00e1rez, fueron identificadas las tres j\u00f3venes que perdieron la vida ayer por la tarde en un accidente vehicular en la regi\u00f3n Mixteca.<\/p>\n\n\n\n<p>Asimismo, la joven Rebeca Cisneros Jim\u00e9nez result\u00f3 con lesiones de gravedad y convalece en un hospital de Putla Villa de Guerrero; todas formaban parte de un equipo femenil de b\u00e1squetbol de Itundujia, que acud\u00edan a un torneo regional.<\/p>\n\n\n\n<p>De acuerdo con los reportes policiacos, el percance ocurri\u00f3 en inmediaciones de la agencia El Mes\u00f3n, del municipio de San Andr\u00e9s Cabecera Nueva, cuando la unidad de motor volc\u00f3 a un barranco, por causas hasta ahora desconocidas.<\/p>\n\n\n\n<p>Acud\u00edan a una competencia a San Antonio de Ju\u00e1rez, Atoyaquillo, y el 22 de junio participar\u00edan en la Copa Mixteca de B\u00e1squetbol, que se llevar\u00e1 a cabo en San Juan Bautista Coixtlahuaca.<\/p>\n\n\n\n<p>A trav\u00e9s de las redes sociales, el gobernador Salom\u00f3n Jara Cruz emiti\u00f3 sus condolencias:<\/p>\n\n\n\n<p>\u00abAnte el lamentable accidente que sufri\u00f3 el equipo femenil de B\u00e1squetbol de Santa Cruz Itundujia, en inmediaciones de El Mes\u00f3n, San Andr\u00e9s Cabecera Nueva, quiero expresarle mis condolencias a las familias de las tres j\u00f3venes que perdieron la vida, una m\u00e1s se encuentra recibiendo atenci\u00f3n m\u00e9dica.<\/p>\n\n\n\n<p>\u201cHe girado instrucciones a las dependencias de nuestro gobierno para que brinden el apoyo y acompa\u00f1amiento necesario. Estamos con ustedes en este dif\u00edcil momento\u201d.<\/p>\n","protected":false},"excerpt":{"rendered":"<p>Raymundo Morales\/Zona Roja. Oaxaca de Ju\u00e1rez, Oax., a 13 de junio de 2024.- Como Alicia&hellip;<\/p>\n","protected":false},"author":2,"featured_media":69351,"comment_status":"closed","ping_status":"open","sticky":false,"template":"","format":"standard","meta":{"_lmt_disableupdate":"","_lmt_disable":"","_jetpack_memberships_contains_paid_content":false,"footnotes":""},"categories":[109,47],"tags":[2055],"class_list":["post-69349","post","type-post","status-publish","format-standard","has-post-thumbnail","hentry","category-minuto-a-minuto","category-zona-gris","tag-santa-cruz-itundujia"],"jetpack_featured_media_url":"https:\/\/zonaroja.com.mx\/wp-content\/uploads\/2024\/06\/Deportistas-accidente-Mixteca.jpg","jetpack_sharing_enabled":true,"_links":{"self":[{"href":"https:\/\/zonaroja.com.mx\/index.php?rest_route=\/wp\/v2\/posts\/69349","targetHints":{"allow":["GET"]}}],"collection":[{"href":"https:\/\/zonaroja.com.mx\/index.php?rest_route=\/wp\/v2\/posts"}],"about":[{"href":"https:\/\/zonaroja.com.mx\/index.php?rest_route=\/wp\/v2\/types\/post"}],"author":[{"embeddable":true,"href":"https:\/\/zonaroja.com.mx\/index.php?rest_route=\/wp\/v2\/users\/2"}],"replies":[{"embeddable":true,"href":"https:\/\/zonaroja.com.mx\/index.php?rest_route=%2Fwp%2Fv2%2Fcomments&post=69349"}],"version-history":[{"count":1,"href":"https:\/\/zonaroja.com.mx\/index.php?rest_route=\/wp\/v2\/posts\/69349\/revisions"}],"predecessor-version":[{"id":69352,"href":"https:\/\/zonaroja.com.mx\/index.php?rest_route=\/wp\/v2\/posts\/69349\/revisions\/69352"}],"wp:featuredmedia":[{"embeddable":true,"href":"https:\/\/zonaroja.com.mx\/index.php?rest_route=\/wp\/v2\/media\/69351"}],"wp:attachment":[{"href":"https:\/\/zonaroja.com.mx\/index.php?rest_route=%2Fwp%2Fv2%2Fmedia&parent=69349"}],"wp:term":[{"taxonomy":"category","embeddable":true,"href":"https:\/\/zonaroja.com.mx\/index.php?rest_route=%2Fwp%2Fv2%2Fcategories&post=69349"},{"taxonomy":"post_tag","embeddable":true,"href":"https:\/\/zonaroja.com.mx\/index.php?rest_route=%2Fwp%2Fv2%2Ftags&post=69349"}],"curies":[{"name":"wp","href":"https:\/\/api.w.org\/{rel}","templated":true}]}}