{"id":69353,"date":"2024-06-13T10:30:00","date_gmt":"2024-06-13T16:30:00","guid":{"rendered":"https:\/\/zonaroja.com.mx\/?p=69353"},"modified":"2024-06-13T07:04:24","modified_gmt":"2024-06-13T13:04:24","slug":"juez-federal-concede-amparo-y-ordena-rescate-del-rio-mixteco","status":"publish","type":"post","link":"https:\/\/zonaroja.com.mx\/?p=69353","title":{"rendered":"Juez federal concede amparo y ordena rescate del r\u00edo \u201cMixteco\u201d"},"content":{"rendered":"\n<p>Redacci\u00f3n\/Zona Roja.<\/p>\n\n\n\n<p>Oaxaca de Ju\u00e1rez, Oax., a 13 de junio de 2024.-&nbsp;El 11 de junio de 2024, Rodrigo Courtois Yanini, juez Quinto de Distrito en el estado de Oaxaca concedi\u00f3 el amparo a una persona ind\u00edgena asesorada por Litigio Estrat\u00e9gico Ind\u00edgena, para que se rescate el r\u00edo \u201cMixteco\u201d, que nace en Santiago Juxtlahuaca y pasa por Huajuapan y Tlaxiaco, en la regi\u00f3n Mixteca.<\/p>\n\n\n\n<p>Mar\u00eda Anabel Mart\u00ednez Villavicencio es la persona ind\u00edgena mixteca, vecina de Santiago Juxtlahuaca, que ante la lacerante contaminaci\u00f3n del afluente, decidi\u00f3 solicitar al apoyo de Litigio Estrat\u00e9gico Ind\u00edgena A.C. y pedirles que implementar\u00e1n acciones jur\u00eddicas para el rescate del r\u00edo.<\/p>\n\n\n\n<p>Mart\u00ednez Villavicencio narr\u00f3 a las abogadas de Litigio Estrat\u00e9gico Ind\u00edgena que el r\u00edo \u201cMixteco\u201d est\u00e1 moribundo, que una de las causas de la contaminaci\u00f3n del r\u00edo es que el municipio de Santiago Juxtlahuaca no cuenta con una planta de tratamiento de aguas residuales, por lo que todas las descargas de aguas negras caen directamente al r\u00edo afectando a la flora y fauna riparia.<\/p>\n\n\n\n<p>El 18 de julio de 2022 se present\u00f3 la demanda de amparo. El juicio constitucional dur\u00f3 casi dos a\u00f1os. En este juicio se ofrecieron pruebas de la contaminaci\u00f3n del r\u00edo \u201cMixteco\u201d.&nbsp;<\/p>\n\n\n\n<p>Intervino la Comisi\u00f3n Nacional del Agua y el Instituto Mexicano de Tecnolog\u00eda del Agua. Finalmente se determin\u00f3 la aguda contaminaci\u00f3n del r\u00edo.<\/p>\n\n\n\n<p>La sentencia de amparo va dirigida al titular de la Procuradur\u00eda Federal de Protecci\u00f3n al Ambiente; al director general de la Conagua, a la titular de la Secretar\u00eda del Medio Ambiente, Energ\u00edas y Desarrollo Sustentable de Oaxaca y al presidente municipal de Santiago Juxtlahuaca.<\/p>\n\n\n\n<p>El juez federal ordena en la sentencia que las autoridades deber\u00e1n adoptar \u201cmedidas y estrategias y un plan de acciones conjuntas para la eliminaci\u00f3n de la contaminaci\u00f3n del r\u00edo Mixteco, conforme al \u00e1mbito de sus competencias\u201d y se controle y reduzca los efectos perjudiciales de la contaminaci\u00f3n, adem\u00e1s de implementar programas de supervisi\u00f3n constante a fin de que el r\u00edo contenga los par\u00e1metros permisibles de contaminantes.<\/p>\n\n\n\n<p>Mariana Y\u00e1\u00f1ez Unda, abogada de Litigio Estrat\u00e9gico Ind\u00edgena A.C. indic\u00f3 que la sentencia del juez quinto de Distrito en el Estado de Oaxaca, se suma a las sentencias que la asociaci\u00f3n civil ha obtenido en los juicios de amparo que promueve en favor de los r\u00edos oaxaque\u00f1os.<\/p>\n\n\n\n<p>La jurista oaxaque\u00f1a galardonada con la medalla \u201cJuana Cata\u201d por el Congreso de Oaxaca, precis\u00f3 que una vez que la sentencia cause firmeza, empezar\u00e1 la parte m\u00e1s dif\u00edcil del juicio de amparo que es ejecutar la sentencia con el prop\u00f3sito de que el r\u00edo sea rescatado, por lo que hizo un llamado a la ciudadan\u00eda para que sigan apoyando el trabajo de Litigio Estrat\u00e9gico Ind\u00edgena A. C.<\/p>\n","protected":false},"excerpt":{"rendered":"<p>Redacci\u00f3n\/Zona Roja. Oaxaca de Ju\u00e1rez, Oax., a 13 de junio de 2024.-&nbsp;El 11 de junio&hellip;<\/p>\n","protected":false},"author":2,"featured_media":69354,"comment_status":"closed","ping_status":"open","sticky":false,"template":"","format":"standard","meta":{"_lmt_disableupdate":"","_lmt_disable":"","_jetpack_memberships_contains_paid_content":false,"footnotes":""},"categories":[109,46],"tags":[3436],"class_list":["post-69353","post","type-post","status-publish","format-standard","has-post-thumbnail","hentry","category-minuto-a-minuto","category-zona-blanca","tag-litigio-estrategico-a-c"],"jetpack_featured_media_url":"https:\/\/zonaroja.com.mx\/wp-content\/uploads\/2024\/06\/Rio-Mixteco-Litigio-Estrategico.jpg","jetpack_sharing_enabled":true,"_links":{"self":[{"href":"https:\/\/zonaroja.com.mx\/index.php?rest_route=\/wp\/v2\/posts\/69353","targetHints":{"allow":["GET"]}}],"collection":[{"href":"https:\/\/zonaroja.com.mx\/index.php?rest_route=\/wp\/v2\/posts"}],"about":[{"href":"https:\/\/zonaroja.com.mx\/index.php?rest_route=\/wp\/v2\/types\/post"}],"author":[{"embeddable":true,"href":"https:\/\/zonaroja.com.mx\/index.php?rest_route=\/wp\/v2\/users\/2"}],"replies":[{"embeddable":true,"href":"https:\/\/zonaroja.com.mx\/index.php?rest_route=%2Fwp%2Fv2%2Fcomments&post=69353"}],"version-history":[{"count":1,"href":"https:\/\/zonaroja.com.mx\/index.php?rest_route=\/wp\/v2\/posts\/69353\/revisions"}],"predecessor-version":[{"id":69355,"href":"https:\/\/zonaroja.com.mx\/index.php?rest_route=\/wp\/v2\/posts\/69353\/revisions\/69355"}],"wp:featuredmedia":[{"embeddable":true,"href":"https:\/\/zonaroja.com.mx\/index.php?rest_route=\/wp\/v2\/media\/69354"}],"wp:attachment":[{"href":"https:\/\/zonaroja.com.mx\/index.php?rest_route=%2Fwp%2Fv2%2Fmedia&parent=69353"}],"wp:term":[{"taxonomy":"category","embeddable":true,"href":"https:\/\/zonaroja.com.mx\/index.php?rest_route=%2Fwp%2Fv2%2Fcategories&post=69353"},{"taxonomy":"post_tag","embeddable":true,"href":"https:\/\/zonaroja.com.mx\/index.php?rest_route=%2Fwp%2Fv2%2Ftags&post=69353"}],"curies":[{"name":"wp","href":"https:\/\/api.w.org\/{rel}","templated":true}]}}