{"id":69356,"date":"2024-06-13T14:04:00","date_gmt":"2024-06-13T20:04:00","guid":{"rendered":"https:\/\/zonaroja.com.mx\/?p=69356"},"modified":"2024-06-13T07:06:38","modified_gmt":"2024-06-13T13:06:38","slug":"opinion-cambio-de-regimen","status":"publish","type":"post","link":"https:\/\/zonaroja.com.mx\/?p=69356","title":{"rendered":"Opini\u00f3n. Cambio de r\u00e9gimen"},"content":{"rendered":"\n<p>N\u00e9stor Y. S\u00e1nchez Islas.<\/p>\n\n\n\n<p>Oficialmente no ha concluido el proceso electoral, sin embargo,&nbsp;a&nbsp;la mayor\u00eda nos basta con saber qui\u00e9nes ganaron y seguir con nuestras vidas cotidianas. Quienes creen o alegan fraude electoral est\u00e1n equivocados y pierden su tiempo. Seguro hubo muchas irregularidades y una cancha dispareja en donde la ganadora cont\u00f3 con todos los recursos del Estado, pero la diferencia de votos es tan&nbsp;alta&nbsp;que creer en el fraude es estar de acuerdo con quienes&nbsp;piensan&nbsp;que la tierra es plana.<\/p>\n\n\n\n<p>Los resultados son claros, la mayor\u00eda de los mexicanos pide un cambio no solo de gobierno sino inclusive de r\u00e9gimen, lo cual normalmente sucede despu\u00e9s de violentas revoluciones, que no es el caso actual en nuestro pa\u00eds. Dado que la futura presidenta es bastante reservada, el futuro es un enigma: \u00bfSeguir\u00e1 la l\u00ednea de L\u00f3pez Obrador, ser\u00e1 su marioneta?&nbsp;\u00bfCu\u00e1les ser\u00e1n sus posturas en el \u00e1mbito internacional?&nbsp;\u00bfDe quienes se va a rodear?&nbsp;Por lo pronto los mercados financieros ya&nbsp;reaccionaron ante el enigma&nbsp;que representa la presidenta y&nbsp;la posibilidad de que Morena obtenga la mayor\u00eda calificada en el Congreso y pueda modificar la Constituci\u00f3n a su gusto,&nbsp;cumpla con el Plan C de someter a la Suprema Corte de Justicia y&nbsp;elimine&nbsp;los pocos organismos aut\u00f3nomos que a\u00fan quedan del anterior r\u00e9gimen.&nbsp;El peso se devalu\u00f3 en muy poco tiempo y tuvo que salir el gobierno a tranquilizar a los mercados. El d\u00f3lar&nbsp;result\u00f3 en el primer contrapeso de este gobierno y ya se los demostr\u00f3.<\/p>\n\n\n\n<p>La gente no quiso una transici\u00f3n entre diferentes administraciones en que solo cambia el ejecutivo. No, la gente quiere una transformaci\u00f3n m\u00e1s profunda que abarque todo el sistema pol\u00edtico, que se hagan cambios radicales en las instituciones del pa\u00eds, las leyes y en la Constituci\u00f3n misma. El problema, y es un grave problema, es que la mayor\u00eda de los ganadores de los comicios son los mismos que estaban en el r\u00e9gimen anterior. Todos los candidatos de Morena a las diferentes gubernaturas proven\u00edan del PRI y del PAN, y con ellos se deber\u00e1 realizar el cambio de r\u00e9gimen, lo que resulta en una contradicci\u00f3n kafkiana.<\/p>\n\n\n\n<p>El mandato de las mayor\u00edas es claro. No quiere ni al PRI ni al PAN, a menos que se vuelvan sat\u00e9lites de Morena como el PT y el Verde, pero el desamor a esos institutos no es suficiente para explicar la necesidad de darle todo el poder a una sola persona. De aqu\u00ed en adelante debemos confiar en la sensatez de la nueva l\u00edder porque la marcha del pa\u00eds depender\u00e1 totalmente de&nbsp;una sola voluntad&nbsp;y humor: los suyos. El autoritarismo estar\u00e1 latente o, de plano, saldr\u00e1 del closet.<\/p>\n\n\n\n<p>Una vez conocido el resultado, Sheinbaum dio la primera sorpresa&nbsp;al dar un&nbsp;discurso&nbsp;conciliador y un mensaje semi\u00f3tico a trav\u00e9s de su vestimenta. En lugar de usar un conjunto o vestido en color guinda, el color oficial, se visti\u00f3 de color morado, el color que usan las mujeres para identificar su lucha feminista. Parece nada, pero esos mensajes subliminales suelen ser muy poderosos y m\u00e1s contundentes que un discurso de una hora de duraci\u00f3n. Tuvo, adem\u00e1s, el tino de haber afirmado que ya hab\u00eda recibido la felicitaci\u00f3n y reconocimiento de X\u00f3chilt G\u00e1lvez, lo que ofrece tambi\u00e9n una esperanza de moderaci\u00f3n ante el \u00e1nimo rijoso del presidente durante todo su sexenio que ha sido marcado por la polarizaci\u00f3n.<\/p>\n\n\n\n<p>\u00bfQu\u00e9 camino tomar\u00e1 la presidenta? Me lo pregunto respecto de si seguir\u00e1 los mismos pasos de la resentida izquierda latinoamericana o se acercar\u00e1 m\u00e1s a la social democracia o, de plano, al modelo de las izquierdas asi\u00e1ticas que, a diferencia de la nuestra, prefieren la educaci\u00f3n de excelencia y el alto desarrollo tecnol\u00f3gico. Comentamos la semana pasada los casos de China, Qatar, Singapur o Vietnam que, mientras en M\u00e9xico a partir de 1968 nos la hemos pasado debatiendo filos\u00f3ficamente hasta&nbsp;del futbol, esos pa\u00edses se han vuelto potencias econ\u00f3micas y militares. No vayamos muy lejos. El primer gobierno de Lula da Silva en Brasil fue un \u00e9xito porque supo quitarse de encima agravios y resentimientos y llev\u00f3 a su pa\u00eds por la senda del progreso.<\/p>\n\n\n\n<p>El voto fue mayoritario, pero muy lejos de la unanimidad. &nbsp;Disminuida, pero existe una oposici\u00f3n que tiene&nbsp;voz&nbsp;y representatividad. La democracia mexicana, y de muchos otros pa\u00edses, se convirti\u00f3 en un concurso de popularidad m\u00e1s que de capacidad, pero ser popular no significa necesariamente que se tenga la raz\u00f3n&nbsp;o&nbsp;se posea&nbsp;la verdad absoluta.<\/p>\n\n\n\n<p>Vistos los resultados del primer piso de la transformaci\u00f3n siento escepticismo ante lo que ofrece el segundo. Una cosa es&nbsp;lo que creen las mayor\u00edas&nbsp;y otra&nbsp;cosa es&nbsp;la realidad&nbsp;porque&nbsp;\u00e9sta no depende&nbsp;de&nbsp;lo que&nbsp;la mayor\u00eda&nbsp;crea o quiera creer.&nbsp;Ah\u00ed est\u00e1n los miles de muertos y desaparecidos, la falta de medicinas,&nbsp;L\u00f3pez Gatell,&nbsp;la corrupci\u00f3n, la polarizaci\u00f3n y divisi\u00f3n entre los mexicanos, la inflaci\u00f3n y el nulo crecimiento econ\u00f3mico.<\/p>\n\n\n\n<p>A pesar de que las mayor\u00edas lo creen, no me sumo en autom\u00e1tico a las realidades alternas.&nbsp;Suelo equivocarme, pero prefiero pensar por&nbsp;m\u00ed&nbsp;mismo.<\/p>\n\n\n\n<p>nestoryuri@yahoo.com<\/p>\n","protected":false},"excerpt":{"rendered":"<p>N\u00e9stor Y. S\u00e1nchez Islas. Oficialmente no ha concluido el proceso electoral, sin embargo,&nbsp;a&nbsp;la mayor\u00eda nos&hellip;<\/p>\n","protected":false},"author":2,"featured_media":67897,"comment_status":"closed","ping_status":"open","sticky":false,"template":"","format":"standard","meta":{"_lmt_disableupdate":"","_lmt_disable":"","_jetpack_memberships_contains_paid_content":false,"footnotes":""},"categories":[456,109],"tags":[3050],"class_list":["post-69356","post","type-post","status-publish","format-standard","has-post-thumbnail","hentry","category-columna","category-minuto-a-minuto","tag-nestor-yuri-sanchez"],"jetpack_featured_media_url":"https:\/\/zonaroja.com.mx\/wp-content\/uploads\/2024\/05\/Opinion-Nestor-Yuri-Sanchez.jpeg","jetpack_sharing_enabled":true,"_links":{"self":[{"href":"https:\/\/zonaroja.com.mx\/index.php?rest_route=\/wp\/v2\/posts\/69356","targetHints":{"allow":["GET"]}}],"collection":[{"href":"https:\/\/zonaroja.com.mx\/index.php?rest_route=\/wp\/v2\/posts"}],"about":[{"href":"https:\/\/zonaroja.com.mx\/index.php?rest_route=\/wp\/v2\/types\/post"}],"author":[{"embeddable":true,"href":"https:\/\/zonaroja.com.mx\/index.php?rest_route=\/wp\/v2\/users\/2"}],"replies":[{"embeddable":true,"href":"https:\/\/zonaroja.com.mx\/index.php?rest_route=%2Fwp%2Fv2%2Fcomments&post=69356"}],"version-history":[{"count":1,"href":"https:\/\/zonaroja.com.mx\/index.php?rest_route=\/wp\/v2\/posts\/69356\/revisions"}],"predecessor-version":[{"id":69357,"href":"https:\/\/zonaroja.com.mx\/index.php?rest_route=\/wp\/v2\/posts\/69356\/revisions\/69357"}],"wp:featuredmedia":[{"embeddable":true,"href":"https:\/\/zonaroja.com.mx\/index.php?rest_route=\/wp\/v2\/media\/67897"}],"wp:attachment":[{"href":"https:\/\/zonaroja.com.mx\/index.php?rest_route=%2Fwp%2Fv2%2Fmedia&parent=69356"}],"wp:term":[{"taxonomy":"category","embeddable":true,"href":"https:\/\/zonaroja.com.mx\/index.php?rest_route=%2Fwp%2Fv2%2Fcategories&post=69356"},{"taxonomy":"post_tag","embeddable":true,"href":"https:\/\/zonaroja.com.mx\/index.php?rest_route=%2Fwp%2Fv2%2Ftags&post=69356"}],"curies":[{"name":"wp","href":"https:\/\/api.w.org\/{rel}","templated":true}]}}