{"id":69361,"date":"2024-06-13T12:18:00","date_gmt":"2024-06-13T18:18:00","guid":{"rendered":"https:\/\/zonaroja.com.mx\/?p=69361"},"modified":"2024-06-13T07:31:49","modified_gmt":"2024-06-13T13:31:49","slug":"planton-del-magisterio-en-la-ciudad-de-oaxaca-dano-12-luminarias","status":"publish","type":"post","link":"https:\/\/zonaroja.com.mx\/?p=69361","title":{"rendered":"\u201cPlant\u00f3n\u201d del magisterio en la ciudad de Oaxaca, da\u00f1\u00f3 12 luminarias"},"content":{"rendered":"\n<p>Redacci\u00f3n\/Zona Roja.<\/p>\n\n\n\n<p>Oaxaca de Ju\u00e1rez, Oax., a 13 de junio de 2024.- Con respuesta inmediata a las afectaciones que presentaron algunos postes y faroles del Centro Hist\u00f3rico debido al \u201cplant\u00f3n\u201d magisterial, el ayuntamiento de Oaxaca de Ju\u00e1rez, a trav\u00e9s de la Secretar\u00eda de Servicios Municipales, rehabilit\u00f3 12 puntos de luz, siete circuitos y nueve visitas t\u00e9cnicas.<\/p>\n\n\n\n<p>En colaboraci\u00f3n, el Departamento de Operaci\u00f3n y Servicios, el Departamento de Luminarias y Cuadrillas del Alumbrado P\u00fablico llevaron a cabo la revisi\u00f3n minuciosa de postes y&nbsp; luminarias que fueron derribadas por la tensi\u00f3n a la que fueron sometidas por amarres y enlonados durante aproximadamente tres semanas.&nbsp;<\/p>\n\n\n\n<p>Posteriormente, se ejecut\u00f3 la reparaci\u00f3n de dichos faroles en la explanada del z\u00f3calo capitalino, en la Alameda de Le\u00f3n, as\u00ed como en calles y avenidas aleda\u00f1as; Porfirio D\u00edaz, Independencia, 5 de Mayo, Crist\u00f3bal Col\u00f3n, Mina, Murgu\u00eda, Aldama, Morelos e Hidalgo, con el fin de brindar un servicio de alumbrado p\u00fablico en \u00f3ptimas condiciones para la seguridad y bienestar de la ciudadan\u00eda.&nbsp;<\/p>\n\n\n\n<p>De acuerdo con el jefe de Alumbrado P\u00fablico y Mantenimiento de Luminarias, Francisco Mart\u00ednez Gopar, el \u00e1rea a su cargo recibi\u00f3 la instrucci\u00f3n del presidente municipal Francisco Mart\u00ednez Neri de atender la reparaci\u00f3n de estas luminarias para que la ciudadan\u00eda tenga la posibilidad de transitar de manera segura por las calles de la capital.<\/p>\n","protected":false},"excerpt":{"rendered":"<p>Redacci\u00f3n\/Zona Roja. Oaxaca de Ju\u00e1rez, Oax., a 13 de junio de 2024.- Con respuesta inmediata&hellip;<\/p>\n","protected":false},"author":2,"featured_media":69362,"comment_status":"closed","ping_status":"open","sticky":false,"template":"","format":"standard","meta":{"_lmt_disableupdate":"","_lmt_disable":"","_jetpack_memberships_contains_paid_content":false,"footnotes":""},"categories":[109,46],"tags":[148],"class_list":["post-69361","post","type-post","status-publish","format-standard","has-post-thumbnail","hentry","category-minuto-a-minuto","category-zona-blanca","tag-oaxaca-de-juarez"],"jetpack_featured_media_url":"https:\/\/zonaroja.com.mx\/wp-content\/uploads\/2024\/06\/Luminarias-danadas-centro-ciudad-de-Oaxaca.jpg","jetpack_sharing_enabled":true,"_links":{"self":[{"href":"https:\/\/zonaroja.com.mx\/index.php?rest_route=\/wp\/v2\/posts\/69361","targetHints":{"allow":["GET"]}}],"collection":[{"href":"https:\/\/zonaroja.com.mx\/index.php?rest_route=\/wp\/v2\/posts"}],"about":[{"href":"https:\/\/zonaroja.com.mx\/index.php?rest_route=\/wp\/v2\/types\/post"}],"author":[{"embeddable":true,"href":"https:\/\/zonaroja.com.mx\/index.php?rest_route=\/wp\/v2\/users\/2"}],"replies":[{"embeddable":true,"href":"https:\/\/zonaroja.com.mx\/index.php?rest_route=%2Fwp%2Fv2%2Fcomments&post=69361"}],"version-history":[{"count":1,"href":"https:\/\/zonaroja.com.mx\/index.php?rest_route=\/wp\/v2\/posts\/69361\/revisions"}],"predecessor-version":[{"id":69363,"href":"https:\/\/zonaroja.com.mx\/index.php?rest_route=\/wp\/v2\/posts\/69361\/revisions\/69363"}],"wp:featuredmedia":[{"embeddable":true,"href":"https:\/\/zonaroja.com.mx\/index.php?rest_route=\/wp\/v2\/media\/69362"}],"wp:attachment":[{"href":"https:\/\/zonaroja.com.mx\/index.php?rest_route=%2Fwp%2Fv2%2Fmedia&parent=69361"}],"wp:term":[{"taxonomy":"category","embeddable":true,"href":"https:\/\/zonaroja.com.mx\/index.php?rest_route=%2Fwp%2Fv2%2Fcategories&post=69361"},{"taxonomy":"post_tag","embeddable":true,"href":"https:\/\/zonaroja.com.mx\/index.php?rest_route=%2Fwp%2Fv2%2Ftags&post=69361"}],"curies":[{"name":"wp","href":"https:\/\/api.w.org\/{rel}","templated":true}]}}