{"id":69364,"date":"2024-06-13T09:30:00","date_gmt":"2024-06-13T15:30:00","guid":{"rendered":"https:\/\/zonaroja.com.mx\/?p=69364"},"modified":"2024-06-13T09:37:26","modified_gmt":"2024-06-13T15:37:26","slug":"dirigencia-de-natividad-diaz-la-peor-en-el-pan-y-repetira-como-diputada","status":"publish","type":"post","link":"https:\/\/zonaroja.com.mx\/?p=69364","title":{"rendered":"Dirigencia de Natividad D\u00edaz, la peor en el PAN\u2026 y repetir\u00e1 como diputada"},"content":{"rendered":"\n<p>Ismael Garc\u00eda M.\/Zona Roja.<\/p>\n\n\n\n<p>Oaxaca de Ju\u00e1rez, Oax., a 13 de junio de 2024.- Debido a su desidia y por obedecer a otros intereses ajenos, la debacle del Partido Acci\u00f3n Nacional (PAN) inici\u00f3 con la gesti\u00f3n de Natividad D\u00edaz Jim\u00e9nez y que, parad\u00f3jicamente, logr\u00f3 la reelecci\u00f3n como diputada sin respaldar a su instituto pol\u00edtico.<\/p>\n\n\n\n<p>A\u00fan as\u00ed, ahora pretende que se remueva a la dirigencia estatal en Oaxaca, sin tener ning\u00fan fundamento para ello, pues el periodo concluye hasta diciembre pr\u00f3ximo, inform\u00f3 la presidenta del partido, Perla Woolrich Fern\u00e1ndez.<\/p>\n\n\n\n<p>En su conferencia de prensa semanal, detall\u00f3 la forma que oper\u00f3 la actual legisladora para, junto con su familia, obstaculizar su trabajo al frente del partido.<\/p>\n\n\n\n<p>En seguida detall\u00f3 con cifras los resultados obtenidos por Acci\u00f3n Nacional en las \u00faltimas elecciones y los p\u00e9simos resultados con Juan Mendoza Reyes y Natividad D\u00edaz Jim\u00e9nez.<\/p>\n\n\n\n<p>\u201cPor cierto, en esta campa\u00f1a no hubo ninguna acci\u00f3n directa para que ella hubiera ganado una diputaci\u00f3n; no trabaj\u00f3, no hubo ni siquiera un video donde promoviera el voto para el PAN; tal vez barda a favor de X\u00f3chitl; ella trabaj\u00f3 para otros intereses\u201d, dijo.<\/p>\n\n\n\n<p>Relat\u00f3 que durante su gesti\u00f3n, pr\u00e1cticamente no pudo avanzar mucho pues constantemente se encontr\u00f3 con obst\u00e1culos o ausencia adrede de los consejeros.<\/p>\n\n\n\n<p>\u201cTodo esto me entristeci\u00f3 pero no me venci\u00f3; acabo en diciembre con la renovaci\u00f3n del comit\u00e9 y espero no suceda lo mismo con el que venga; que no se preste a los deseos de dos personas que duraron 10 a\u00f1os en el cargo y echaron a perder al partido.<\/p>\n\n\n\n<p>Agreg\u00f3 que Leonardo D\u00edaz Jim\u00e9nez fue impuesto como secretario en el partido, pero jam\u00e1s se present\u00f3 y ahora, con sus dem\u00e1s hermanos han luchado pero a favor de Morena. \u201cNo perdimos el registro, que era lo que se propon\u00edan\u201d, remarc\u00f3.<\/p>\n\n\n\n<p>Por otro lado, lament\u00f3 que a nivel nacional el peso mexicano enfrente una crisis, a ra\u00edz de los anuncios del Presidente Andr\u00e9s Manuel L\u00f3pez Obrador y la mandataria electa Claudia Sheinbaum de promover reformas que afectar\u00e1n al Poder Judicial y a otros \u00f3rganos aut\u00f3nomos.<\/p>\n\n\n\n<p>\u201cPreocupa el desplome del peso y hasta ahora se dan cuenta de lo que va a pasar; hasta ahora est\u00e1n temblando, sin embargo antes, los morenistas votaban por su partido, porque creen que estar bien con el Presidente es estar bien en todo\u201d.<\/p>\n\n\n\n<figure class=\"wp-block-embed is-type-rich is-provider-twitter wp-block-embed-twitter\"><div class=\"wp-block-embed__wrapper\">\n<div class=\"twitter-tweet\"><blockquote class=\"twitter-tweet\" data-lang=\"es\"><p lang=\"es\" dir=\"ltr\">La dirigente de Acci\u00f3n Nacional en Oaxaca (<a href=\"https:\/\/twitter.com\/PANOaxaca?ref_src=twsrc%5Etfw\">@PANOaxaca<\/a>), <a href=\"https:\/\/twitter.com\/PerlaWoolrich?ref_src=twsrc%5Etfw\">@PerlaWoolrich<\/a>, habl\u00f3 tambi\u00e9n de la grave crisis que atraviesa el pa\u00eds, por el desplome del peso, a ra\u00edz de los anuncios del Presidente L\u00f3pez Obrador y la mandataria electa Claudia Sheinbaum sobre la reformas\u2026 <a href=\"https:\/\/t.co\/SqyMJhwSL6\">pic.twitter.com\/SqyMJhwSL6<\/a><\/p>&mdash; Zona Roja Oaxaca (@ZonaRoja_Oaxaca) <a href=\"https:\/\/twitter.com\/ZonaRoja_Oaxaca\/status\/1801075318771335546?ref_src=twsrc%5Etfw\">13 de junio de 2024<\/a><\/blockquote><\/div>\n<\/div><\/figure>\n","protected":false},"excerpt":{"rendered":"<p>Ismael Garc\u00eda M.\/Zona Roja. Oaxaca de Ju\u00e1rez, Oax., a 13 de junio de 2024.- Debido&hellip;<\/p>\n","protected":false},"author":2,"featured_media":69365,"comment_status":"closed","ping_status":"open","sticky":false,"template":"","format":"standard","meta":{"_lmt_disableupdate":"","_lmt_disable":"","_jetpack_memberships_contains_paid_content":false,"footnotes":""},"categories":[109,46],"tags":[3874],"class_list":["post-69364","post","type-post","status-publish","format-standard","has-post-thumbnail","hentry","category-minuto-a-minuto","category-zona-blanca","tag-perla-woolrich"],"jetpack_featured_media_url":"https:\/\/zonaroja.com.mx\/wp-content\/uploads\/2024\/06\/Conferencia-Perla-Woolrich.jpg","jetpack_sharing_enabled":true,"_links":{"self":[{"href":"https:\/\/zonaroja.com.mx\/index.php?rest_route=\/wp\/v2\/posts\/69364","targetHints":{"allow":["GET"]}}],"collection":[{"href":"https:\/\/zonaroja.com.mx\/index.php?rest_route=\/wp\/v2\/posts"}],"about":[{"href":"https:\/\/zonaroja.com.mx\/index.php?rest_route=\/wp\/v2\/types\/post"}],"author":[{"embeddable":true,"href":"https:\/\/zonaroja.com.mx\/index.php?rest_route=\/wp\/v2\/users\/2"}],"replies":[{"embeddable":true,"href":"https:\/\/zonaroja.com.mx\/index.php?rest_route=%2Fwp%2Fv2%2Fcomments&post=69364"}],"version-history":[{"count":2,"href":"https:\/\/zonaroja.com.mx\/index.php?rest_route=\/wp\/v2\/posts\/69364\/revisions"}],"predecessor-version":[{"id":69382,"href":"https:\/\/zonaroja.com.mx\/index.php?rest_route=\/wp\/v2\/posts\/69364\/revisions\/69382"}],"wp:featuredmedia":[{"embeddable":true,"href":"https:\/\/zonaroja.com.mx\/index.php?rest_route=\/wp\/v2\/media\/69365"}],"wp:attachment":[{"href":"https:\/\/zonaroja.com.mx\/index.php?rest_route=%2Fwp%2Fv2%2Fmedia&parent=69364"}],"wp:term":[{"taxonomy":"category","embeddable":true,"href":"https:\/\/zonaroja.com.mx\/index.php?rest_route=%2Fwp%2Fv2%2Fcategories&post=69364"},{"taxonomy":"post_tag","embeddable":true,"href":"https:\/\/zonaroja.com.mx\/index.php?rest_route=%2Fwp%2Fv2%2Ftags&post=69364"}],"curies":[{"name":"wp","href":"https:\/\/api.w.org\/{rel}","templated":true}]}}