{"id":69379,"date":"2024-06-13T11:43:00","date_gmt":"2024-06-13T17:43:00","guid":{"rendered":"https:\/\/zonaroja.com.mx\/?p=69379"},"modified":"2024-06-13T08:48:35","modified_gmt":"2024-06-13T14:48:35","slug":"evaluara-gobierno-del-estado-situacion-fisica-del-centro-cultural-alvaro-carrillo","status":"publish","type":"post","link":"https:\/\/zonaroja.com.mx\/?p=69379","title":{"rendered":"Evaluar\u00e1 Gobierno del Estado situaci\u00f3n f\u00edsica del Centro Cultural \u00c1lvaro Carrillo"},"content":{"rendered":"\n<p>Redacci\u00f3n\/Zona Roja.<\/p>\n\n\n\n<p>Oaxaca de Ju\u00e1rez, Oax., 13 de junio de 2024.- El Gobierno del Estado de Oaxaca anunci\u00f3 que a trav\u00e9s de dependencias de la administraci\u00f3n estatal se evaluar\u00e1n las condiciones f\u00edsicas de la obra que alberga al Centro Cultural \u00c1lvaro Carrillo.<\/p>\n\n\n\n<p>Por instrucciones del gobernador Salom\u00f3n Jara Cruz, la Secretar\u00eda de las Infraestructuras y Comunicaciones (Sinfra) y la Secretar\u00eda de Honestidad, Transparencia y Funci\u00f3n P\u00fablica ser\u00e1n las responsables de valorar el inmueble recuperado.<\/p>\n\n\n\n<p>La Sinfra ser\u00e1 la responsable de determinar las condiciones actuales del espacio, con el objetivo de darle un uso posteriormente.<\/p>\n\n\n\n<p>En tanto, la Secretar\u00eda de Honestidad, Transparencia y Funci\u00f3n P\u00fablica verificar\u00e1 y comparar\u00e1 lo establecido en el expediente t\u00e9cnico, la inspecci\u00f3n f\u00edsica y el expediente contable.<\/p>\n\n\n\n<p>Lo anterior, toda vez que en la administraci\u00f3n gubernamental pasada se pag\u00f3 360 millones de pesos por esta obra inconclusa, ante lo cual se deben deslindar responsabilidades.<\/p>\n\n\n\n<p>El Centro Cultural \u00c1lvaro Carrillo est\u00e1 ubicado en la calzada Francisco I. Madero esquina avenida Tecnol\u00f3gico del municipio de Oaxaca de Ju\u00e1rez y fue realizado por la empresa Ingenieros Civiles Asociados (ICA), misma que se negaba a entregarlo e imped\u00eda su acceso por medio de seguridad privada.<\/p>\n\n\n\n<p>Adem\u00e1s que de demand\u00f3 al Gobierno del Estado por supuestamente negarse al proceso de entrega-recepci\u00f3n de esta obra.<\/p>\n\n\n\n<p>Derivado de ello, el \u00e1rea Jur\u00eddica de la Secretar\u00eda de las Infraestructuras y Comunicaciones, con el apoyo de la Consejer\u00eda Jur\u00eddica y Asistencia Legal, que encabeza Geovany V\u00e1zquez Sagrero, promovi\u00f3 una orden de cateo ante la Fiscal\u00eda Especializada en Materia Combate a la Corrupci\u00f3n del Estado de Oaxaca (FEMCCO).&nbsp;<\/p>\n","protected":false},"excerpt":{"rendered":"<p>Redacci\u00f3n\/Zona Roja. Oaxaca de Ju\u00e1rez, Oax., 13 de junio de 2024.- El Gobierno del Estado&hellip;<\/p>\n","protected":false},"author":2,"featured_media":69380,"comment_status":"closed","ping_status":"open","sticky":false,"template":"","format":"standard","meta":{"_lmt_disableupdate":"","_lmt_disable":"","_jetpack_memberships_contains_paid_content":false,"footnotes":""},"categories":[109,46],"tags":[],"class_list":["post-69379","post","type-post","status-publish","format-standard","has-post-thumbnail","hentry","category-minuto-a-minuto","category-zona-blanca"],"jetpack_featured_media_url":"https:\/\/zonaroja.com.mx\/wp-content\/uploads\/2024\/06\/Recuperacion-Centro-Cultural-Alvaro-Carrillo.jpeg","jetpack_sharing_enabled":true,"_links":{"self":[{"href":"https:\/\/zonaroja.com.mx\/index.php?rest_route=\/wp\/v2\/posts\/69379","targetHints":{"allow":["GET"]}}],"collection":[{"href":"https:\/\/zonaroja.com.mx\/index.php?rest_route=\/wp\/v2\/posts"}],"about":[{"href":"https:\/\/zonaroja.com.mx\/index.php?rest_route=\/wp\/v2\/types\/post"}],"author":[{"embeddable":true,"href":"https:\/\/zonaroja.com.mx\/index.php?rest_route=\/wp\/v2\/users\/2"}],"replies":[{"embeddable":true,"href":"https:\/\/zonaroja.com.mx\/index.php?rest_route=%2Fwp%2Fv2%2Fcomments&post=69379"}],"version-history":[{"count":1,"href":"https:\/\/zonaroja.com.mx\/index.php?rest_route=\/wp\/v2\/posts\/69379\/revisions"}],"predecessor-version":[{"id":69381,"href":"https:\/\/zonaroja.com.mx\/index.php?rest_route=\/wp\/v2\/posts\/69379\/revisions\/69381"}],"wp:featuredmedia":[{"embeddable":true,"href":"https:\/\/zonaroja.com.mx\/index.php?rest_route=\/wp\/v2\/media\/69380"}],"wp:attachment":[{"href":"https:\/\/zonaroja.com.mx\/index.php?rest_route=%2Fwp%2Fv2%2Fmedia&parent=69379"}],"wp:term":[{"taxonomy":"category","embeddable":true,"href":"https:\/\/zonaroja.com.mx\/index.php?rest_route=%2Fwp%2Fv2%2Fcategories&post=69379"},{"taxonomy":"post_tag","embeddable":true,"href":"https:\/\/zonaroja.com.mx\/index.php?rest_route=%2Fwp%2Fv2%2Ftags&post=69379"}],"curies":[{"name":"wp","href":"https:\/\/api.w.org\/{rel}","templated":true}]}}