{"id":69383,"date":"2024-06-13T19:43:21","date_gmt":"2024-06-14T01:43:21","guid":{"rendered":"https:\/\/zonaroja.com.mx\/?p=69383"},"modified":"2024-06-13T19:49:33","modified_gmt":"2024-06-14T01:49:33","slug":"logra-fiscalia-varias-sentencias-con-penas-de-15-a-35-anos-de-prision","status":"publish","type":"post","link":"https:\/\/zonaroja.com.mx\/?p=69383","title":{"rendered":"Logra Fiscal\u00eda varias sentencias, con penas de 15 a 35 a\u00f1os de prisi\u00f3n"},"content":{"rendered":"\n<p>Redacci\u00f3n\/Zona Roja.<\/p>\n\n\n\n<p>Oaxaca de Ju\u00e1rez, Oax. 13 de junio de 2024.- Derivado del trabajo ministerial que realiza la Fiscal\u00eda General del Estado de Oaxaca (FGEO), se obtuvo sentencia condenatoria de 15 a\u00f1os de prisi\u00f3n contra una persona del sexo masculino identificada como C.S.D., responsable de la comisi\u00f3n del delito de Tentativa de Homicidio Calificado con Ventaja, ocurrido en la regi\u00f3n de la Costa.<\/p>\n\n\n\n<p>De acuerdo con lo asentado en el expediente penal, los hechos ocurrieron el 11 de julio de 2023, en un domicilio ubicado en calle Benito Ju\u00e1rez del municipio de Santo Domingo Armenta, en el distrito de Santiago Jamiltepec, lugar donde la v\u00edctima -identificada como M.S.V.- fue atacada con un arma blanca (machete) sufriendo lesiones en diversas partes del cuerpo.<\/p>\n\n\n\n<p>El llamado de auxilio fue atendido por polic\u00edas municipales de ese ayuntamiento derivado de un reporte que la misma v\u00edctima hab\u00eda hecho, por lo que en ese momento se logr\u00f3 la detenci\u00f3n del hoy imputado.<\/p>\n\n\n\n<p>Una vez detenido y tras la denuncia interpuesta, la FGEO inici\u00f3 las investigaciones a trav\u00e9s de la Vicefiscal\u00eda Regional de la Costa que logr\u00f3 prestarlo ante el juzgado correspondiente.<\/p>\n\n\n\n<p>Tras evaluar los resultados de los trabajos ministeriales, el Juez en turno dict\u00f3 sentencia condenatoria de 15 a\u00f1os de prisi\u00f3n contra C.S.D., por su responsabilidad en la comisi\u00f3n del delito de Tentativa de Homicidio Calificado con Ventaja, resoluci\u00f3n que se efectu\u00f3 a trav\u00e9s del procedimiento abreviado, adem\u00e1s que estableci\u00f3 el pago econ\u00f3mico por concepto de reparaci\u00f3n del da\u00f1o a favor de la v\u00edctima.<\/p>\n\n\n\n<p>UNO DE 35 A\u00d1OS&nbsp;<\/p>\n\n\n\n<p>En otro caso, la Fiscal\u00eda General obtuvo una segunda sentencia condenatoria en contra una persona del sexo masculino identificado como V.G.R.H., por el delito de violaci\u00f3n agravada, ambos casos en agravio de dos menores de edad, por lo que suman 35 a\u00f1os de prisi\u00f3n por los hechos ocurridos en la regi\u00f3n de los Valles Centrales.<\/p>\n\n\n\n<p>De acuerdo con la causa penal, uno de los casos ocurri\u00f3 en agosto de 2020, cuando el sentenciado agredi\u00f3 de manera sexual a una de sus v\u00edctimas (quien al ser menor edad, su identidad est\u00e1 reservada por ley) al interior de un domicilio localizado en la colonia centro del municipio de la Villa Etla.<\/p>\n\n\n\n<p>Una vez que la FGEO tom\u00f3 conocimiento de los hechos, inici\u00f3 las investigaciones correspondientes a trav\u00e9s de la Unidad de g\u00e9nero de la Vicefsical\u00eda Regional de Valles Centrales y, derivado de los resultados de las indagatorias, se obtuvo la orden de aprehensi\u00f3n en contra de V.G.R.H., quien fue sentenciado a 21 a\u00f1os de prisi\u00f3n por este caso.<\/p>\n\n\n\n<p>Por la primera agresi\u00f3n sexual por la cual recibi\u00f3 sentencia V. G. R. H., fue detenido en 2022, en la ciudad de M\u00e9xico, gracias a las investigaciones y trabajos de inteligencia de la Fiscal\u00eda General del Estado de Oaxaca y posteriormente trasladado a la ciudad de Oaxaca.<\/p>\n\n\n\n<p>En audiencia, el Tribunal de Enjuiciamiento dict\u00f3 fallo condenatorio en contra de V.G.R.H., a quien &nbsp;le impuso una pena de 14 a\u00f1os, por lo que, al acumularse con la segunda sentencia, el responsable de Violaci\u00f3n Agravada pasar\u00e1 35 a\u00f1os en prisi\u00f3n, adem\u00e1s que el Juez de la causa determin\u00f3 el pago por la reparaci\u00f3n del da\u00f1o a las v\u00edctimas.<\/p>\n\n\n\n<p>OTRO DE 30 A\u00d1OS<\/p>\n\n\n\n<p>Asimismo, se obtuvo una sentencia condenatoria de 30 a\u00f1os de prisi\u00f3n en contra de una persona del sexo masculino identificada como A.G.V., responsable de la comisi\u00f3n del delito de Homicidio Calificado con Ventaja, hechos ocurridos en la regi\u00f3n de la Sierra Sur.<\/p>\n\n\n\n<p>De acuerdo con el expediente penal del caso, el 7 de julio de 2021, la v\u00edctima identificada por las iniciales S.L.V., se encontraba en una tienda ubicada en la poblaci\u00f3n de Santiago Amoltepec, sitio al que arrib\u00f3 su agresor, quien atac\u00f3 a la v\u00edctima con disparos de arma de fuego, infligiendo lesiones que provocaron su muerte.<\/p>\n\n\n\n<p>Ante los hechos, la FGEO tom\u00f3 conocimiento del caso e inici\u00f3 los trabajos ministeriales al respecto, resultante de las investigaciones realizadas por la Vicefiscal\u00eda General de Control Regional se logr\u00f3 obtener y ejecutar una orden de aprehensi\u00f3n con lo cual fue posible presentar al imputado ante el Juez de la causa.<\/p>\n\n\n\n<p>Tras evaluar y analizar los datos de prueba aportados por la Fiscal\u00eda de Oaxaca, el Juez de Control dict\u00f3 sentencia condenatoria de 30 a\u00f1os de prisi\u00f3n en contra de A.G.V., por su responsabilidad en la comisi\u00f3n del delito de Homicidio Calificado con Ventaja, adem\u00e1s que impuso el pago de 448 mil pesos por concepto de reparaci\u00f3n del da\u00f1o.<\/p>\n\n\n\n<p>El empleo de protocolos y la aplicaci\u00f3n de t\u00e9cnicas cient\u00edficas en las investigaciones de delitos de alto impacto, permiten a la Fiscal\u00eda General de Oaxaca tener certeza en los trabajos de procuraci\u00f3n de justicia en el estado.<\/p>\n","protected":false},"excerpt":{"rendered":"<p>Redacci\u00f3n\/Zona Roja. Oaxaca de Ju\u00e1rez, Oax. 13 de junio de 2024.- Derivado del trabajo ministerial&hellip;<\/p>\n","protected":false},"author":2,"featured_media":69158,"comment_status":"closed","ping_status":"open","sticky":false,"template":"","format":"standard","meta":{"_lmt_disableupdate":"","_lmt_disable":"","_jetpack_memberships_contains_paid_content":false,"footnotes":""},"categories":[109,46],"tags":[494],"class_list":["post-69383","post","type-post","status-publish","format-standard","has-post-thumbnail","hentry","category-minuto-a-minuto","category-zona-blanca","tag-fiscalia-general-del-estado-de-oaxaca"],"jetpack_featured_media_url":"https:\/\/zonaroja.com.mx\/wp-content\/uploads\/2024\/06\/Asesino-carcel-prision.webp","jetpack_sharing_enabled":true,"_links":{"self":[{"href":"https:\/\/zonaroja.com.mx\/index.php?rest_route=\/wp\/v2\/posts\/69383","targetHints":{"allow":["GET"]}}],"collection":[{"href":"https:\/\/zonaroja.com.mx\/index.php?rest_route=\/wp\/v2\/posts"}],"about":[{"href":"https:\/\/zonaroja.com.mx\/index.php?rest_route=\/wp\/v2\/types\/post"}],"author":[{"embeddable":true,"href":"https:\/\/zonaroja.com.mx\/index.php?rest_route=\/wp\/v2\/users\/2"}],"replies":[{"embeddable":true,"href":"https:\/\/zonaroja.com.mx\/index.php?rest_route=%2Fwp%2Fv2%2Fcomments&post=69383"}],"version-history":[{"count":2,"href":"https:\/\/zonaroja.com.mx\/index.php?rest_route=\/wp\/v2\/posts\/69383\/revisions"}],"predecessor-version":[{"id":69385,"href":"https:\/\/zonaroja.com.mx\/index.php?rest_route=\/wp\/v2\/posts\/69383\/revisions\/69385"}],"wp:featuredmedia":[{"embeddable":true,"href":"https:\/\/zonaroja.com.mx\/index.php?rest_route=\/wp\/v2\/media\/69158"}],"wp:attachment":[{"href":"https:\/\/zonaroja.com.mx\/index.php?rest_route=%2Fwp%2Fv2%2Fmedia&parent=69383"}],"wp:term":[{"taxonomy":"category","embeddable":true,"href":"https:\/\/zonaroja.com.mx\/index.php?rest_route=%2Fwp%2Fv2%2Fcategories&post=69383"},{"taxonomy":"post_tag","embeddable":true,"href":"https:\/\/zonaroja.com.mx\/index.php?rest_route=%2Fwp%2Fv2%2Ftags&post=69383"}],"curies":[{"name":"wp","href":"https:\/\/api.w.org\/{rel}","templated":true}]}}