{"id":69386,"date":"2024-06-13T21:27:37","date_gmt":"2024-06-14T03:27:37","guid":{"rendered":"https:\/\/zonaroja.com.mx\/?p=69386"},"modified":"2024-06-13T21:27:39","modified_gmt":"2024-06-14T03:27:39","slug":"despues-de-una-decada-liberan-a-ex-presos-politicos-de-eloxochitlan","status":"publish","type":"post","link":"https:\/\/zonaroja.com.mx\/?p=69386","title":{"rendered":"Despu\u00e9s de una d\u00e9cada, liberan a ex presos pol\u00edticos de Eloxochitl\u00e1n"},"content":{"rendered":"\n<p>Redacci\u00f3n\/Zona Roja Cdmx.<\/p>\n\n\n\n<p>Ciudad de M\u00e9xico, a 13 de junio de 2024.- Este mi\u00e9rcoles recuperaron su libertad los mazatecos Alfredo Bola\u00f1os, Fernando Gavito y Francisco Dur\u00e1n, hoy expresos pol\u00edticos de Eloxochitl\u00e1n de Flores Mag\u00f3n, Oaxaca, tras la audiencia de medidas cautelares que se realiz\u00f3 en el Juzgado de Huatla, celebraron las mujeres del colectivo \u201cMazatecas por la Libertad\u201d y habitantes de la comunidad.<\/p>\n\n\n\n<p>Desde la ma\u00f1ana, las mujeres y familiares de las tres v\u00edctimas de persecuci\u00f3n pol\u00edtica y criminalizaci\u00f3n selectiva, acompa\u00f1ados de los pobladores de Eloxochitl\u00e1n, se reunieron en el juzgado para conocer la resoluci\u00f3n de la audiencia.<\/p>\n\n\n\n<p>Por la tarde del pasado 12 de junio, Argelia Betanzos, de \u201cMazatecas por la Libertad\u201d, inform\u00f3 frente a los integrantes de la comunidad que el Instituto Federal de Defensor\u00eda P\u00fablica delegaci\u00f3n Oaxaca comunic\u00f3 como resultado de la audiencia el otorgamiento de la libertad para Alfredo Bola\u00f1os y Francisco Dur\u00e1n, quienes cumplir\u00edan una d\u00e9cada en prisi\u00f3n sin sentencia, y para Fernando Gavito, quien permaneci\u00f3 cinco a\u00f1os como preso pol\u00edtico.<\/p>\n\n\n\n<p>Entre aplausos y consignas de libertad y justicia, las mujeres, hijos y compa\u00f1eros de los tres expresos pol\u00edticos celebraron la resoluci\u00f3n, despu\u00e9s de diez a\u00f1os de lucha contra la prisi\u00f3n preventiva excesiva, la fabricaci\u00f3n de delitos y la violaci\u00f3n a sus derechos a la libertad, a un juicio justo y a la presunci\u00f3n de inocencia.<\/p>\n\n\n\n<p>Alfredo Bola\u00f1os, Francisco Dur\u00e1n y Fernando Gavito fueron detenidos sin sentencia y sin ninguna prueba por el delito de tentativa de homicidio contra Elisa Zepeda Lagunas, titular de la Secretar\u00eda de la Mujer del gobierno de Oaxaca, y de su padre, Manuel Zepeda Cort\u00e9s, presidente municipal de Eloxochitl\u00e1n.<\/p>\n\n\n\n<p>En septiembre de 2023, un juez les neg\u00f3 a los tres mazatecos el derecho de llevar su proceso en libertad, por lo que la comunidad interpuso dos amparos federales, otorgados en su favor en febrero y mayo pasados al reconocerse que fue ilegal que un juez de Huautla impidiera la anulaci\u00f3n de la prisi\u00f3n preventiva.<\/p>\n\n\n\n<p>Con la libertad de Bola\u00f1os, Gavito y Dur\u00e1n, suman nueve expresos pol\u00edticos de Eloxochitl\u00e1n de Flores Mag\u00f3n criminalizados y perseguidos por los funcionarios de Oaxaca, en particular Elisa Zepeda.<\/p>\n\n\n\n<p>(Informaci\u00f3n de \u201cDesinform\u00e9monos\u201d)<\/p>\n\n\n\n<figure class=\"wp-block-embed is-type-rich is-provider-twitter wp-block-embed-twitter\"><div class=\"wp-block-embed__wrapper\">\n<div class=\"twitter-tweet\"><blockquote class=\"twitter-tweet\" data-lang=\"es\"><p lang=\"es\" dir=\"ltr\">Este mi\u00e9rcoles y despu\u00e9s de diez a\u00f1os, recuperaron su libertad Alfredo Bola\u00f1os, Fernando Gavito y Francisco Dur\u00e1n, hoy expresos pol\u00edticos de <a href=\"https:\/\/twitter.com\/hashtag\/Eloxochitl%C3%A1n?src=hash&amp;ref_src=twsrc%5Etfw\">#Eloxochitl\u00e1n<\/a> de Flores Mag\u00f3n, Oaxaca.<br>En video de <a href=\"https:\/\/twitter.com\/Desinformemonos?ref_src=twsrc%5Etfw\">@Desinformemonos<\/a>, as\u00ed fue el anuncio ayer en Huautla de Jim\u00e9nez. <a href=\"https:\/\/t.co\/SKt9fnlnrO\">pic.twitter.com\/SKt9fnlnrO<\/a><\/p>&mdash; Zona Roja Oaxaca (@ZonaRoja_Oaxaca) <a href=\"https:\/\/twitter.com\/ZonaRoja_Oaxaca\/status\/1801273394999988460?ref_src=twsrc%5Etfw\">13 de junio de 2024<\/a><\/blockquote><\/div>\n<\/div><\/figure>\n","protected":false},"excerpt":{"rendered":"<p>Redacci\u00f3n\/Zona Roja Cdmx. Ciudad de M\u00e9xico, a 13 de junio de 2024.- Este mi\u00e9rcoles recuperaron&hellip;<\/p>\n","protected":false},"author":2,"featured_media":69387,"comment_status":"closed","ping_status":"open","sticky":false,"template":"","format":"standard","meta":{"_lmt_disableupdate":"","_lmt_disable":"","_jetpack_memberships_contains_paid_content":false,"footnotes":""},"categories":[109,46],"tags":[719],"class_list":["post-69386","post","type-post","status-publish","format-standard","has-post-thumbnail","hentry","category-minuto-a-minuto","category-zona-blanca","tag-eloxochitlan-de-flores-magon"],"jetpack_featured_media_url":"https:\/\/zonaroja.com.mx\/wp-content\/uploads\/2024\/06\/Liberados-Eloxochitlan.jpg","jetpack_sharing_enabled":true,"_links":{"self":[{"href":"https:\/\/zonaroja.com.mx\/index.php?rest_route=\/wp\/v2\/posts\/69386","targetHints":{"allow":["GET"]}}],"collection":[{"href":"https:\/\/zonaroja.com.mx\/index.php?rest_route=\/wp\/v2\/posts"}],"about":[{"href":"https:\/\/zonaroja.com.mx\/index.php?rest_route=\/wp\/v2\/types\/post"}],"author":[{"embeddable":true,"href":"https:\/\/zonaroja.com.mx\/index.php?rest_route=\/wp\/v2\/users\/2"}],"replies":[{"embeddable":true,"href":"https:\/\/zonaroja.com.mx\/index.php?rest_route=%2Fwp%2Fv2%2Fcomments&post=69386"}],"version-history":[{"count":1,"href":"https:\/\/zonaroja.com.mx\/index.php?rest_route=\/wp\/v2\/posts\/69386\/revisions"}],"predecessor-version":[{"id":69388,"href":"https:\/\/zonaroja.com.mx\/index.php?rest_route=\/wp\/v2\/posts\/69386\/revisions\/69388"}],"wp:featuredmedia":[{"embeddable":true,"href":"https:\/\/zonaroja.com.mx\/index.php?rest_route=\/wp\/v2\/media\/69387"}],"wp:attachment":[{"href":"https:\/\/zonaroja.com.mx\/index.php?rest_route=%2Fwp%2Fv2%2Fmedia&parent=69386"}],"wp:term":[{"taxonomy":"category","embeddable":true,"href":"https:\/\/zonaroja.com.mx\/index.php?rest_route=%2Fwp%2Fv2%2Fcategories&post=69386"},{"taxonomy":"post_tag","embeddable":true,"href":"https:\/\/zonaroja.com.mx\/index.php?rest_route=%2Fwp%2Fv2%2Ftags&post=69386"}],"curies":[{"name":"wp","href":"https:\/\/api.w.org\/{rel}","templated":true}]}}