{"id":69389,"date":"2024-06-13T22:16:59","date_gmt":"2024-06-14T04:16:59","guid":{"rendered":"https:\/\/zonaroja.com.mx\/?p=69389"},"modified":"2024-06-13T22:17:02","modified_gmt":"2024-06-14T04:17:02","slug":"hace-historia-congreso-de-oaxaca-tipifica-delito-de-ejecucion-extrajudicial","status":"publish","type":"post","link":"https:\/\/zonaroja.com.mx\/?p=69389","title":{"rendered":"Hace historia Congreso de Oaxaca: tipifica delito de ejecuci\u00f3n extrajudicial"},"content":{"rendered":"\n<p>Redacci\u00f3n\/Zona Roja.<\/p>\n\n\n\n<p>Oaxaca de Ju\u00e1rez, Oax., a 13 de junio de 2024.- Con 28 votos a favor, el Pleno de la 65 Legislatura local aprob\u00f3 en lo general y en lo particular, la reforma al C\u00f3digo Penal de Oaxaca para tipificar como delito la ejecuci\u00f3n extrajudicial en el estado.<\/p>\n\n\n\n<p>Con la aprobaci\u00f3n de esta iniciativa ciudadana, se agreg\u00f3 al C\u00f3digo Penal de Oaxaca el art\u00edculo 292 Qu\u00e1ter, en el cual se establece que se castigar\u00e1 de 50 a 70 a\u00f1os de prisi\u00f3n y con una multa de mil a mil 500 veces el valor de la Unidad de Medida y Actualizaci\u00f3n, a quien cometa el delito de ejecuci\u00f3n extrajudicial.<\/p>\n\n\n\n<p>En el caso de que quien haya cometido este delito sean servidores p\u00fablicos, se les inhabilitar\u00e1 para ejercer cualquier cargo p\u00fablico por el tiempo que dure la pena impuesta.<\/p>\n\n\n\n<p>Cuando se acredite que la v\u00edctima era una persona defensora de derechos humanos, la pena se incrementar\u00e1 en un tercio de la m\u00ednima y hasta un tercio de la m\u00e1xima.<\/p>\n\n\n\n<p>En este art\u00edculo se establece que \u201ccomete el delito de ejecuci\u00f3n extrajudicial el integrante o miembro de cualquier corporaci\u00f3n de seguridad p\u00fablica estatal o municipal que, estando en ejercicio de su cargo, actuando arbitrariamente o con abuso o exceso de fuerza, prive de la vida a una o m\u00e1s personas; as\u00ed como cualquier persona que, con el consentimiento, aprobaci\u00f3n, orden o apoyo de cualquier servidora o servidor p\u00fablico estatal o municipal, prive de la vida a una o m\u00e1s personas\u201d, refiere el dictamen.<\/p>\n\n\n\n<p>Esta reforma al C\u00f3digo Penal de Oaxaca es una iniciativa ciudadana, que surgi\u00f3 derivado de los hechos violentos ocurridos el 19 de junio de 2016 en Asunci\u00f3n Nochixtl\u00e1n, donde murieron 6 pobladores, y 149 personas resultaron lesionadas, de ellas, 45 fueron por arma de fuego y 84 por gases lacrim\u00f3genos, de acuerdo con el informe de la Comisi\u00f3n Nacional de Derechos Humanos (CNDH).<\/p>\n\n\n\n<p>Las y los ciudadanos que impulsaron esta iniciativa son Santiago Ambrosio Hern\u00e1ndez, Sergio Miguel Luna Cruz, Elvia Rosa Cruz Cruz, Rutila Santiago Cruz, Daniel Mayoral L\u00f3pez, Mois\u00e9s Hern\u00e1ndez Garc\u00eda, Iv\u00e1n Escobar Rom\u00e1n, Uriel \u00c1ngel P\u00e9rez L\u00f3pez, Rafael Guadalupe Salazar Maldonado y Diodoro Medina Ram\u00edrez. Y fue analizada y dictaminada por la Comisi\u00f3n Permanente de Administraci\u00f3n y Procuraci\u00f3n de Justicia que preside la diputada Lizett Arroyo Rodr\u00edguez.<\/p>\n\n\n\n<p>De acuerdo con un informe publicado por el Comit\u00e9 Cerezo, en 2018 report\u00f3 que durante el sexenio del entonces presidente Enrique Pe\u00f1a Nieto, se registraron 184 ejecuciones extrajudiciales en M\u00e9xico, de las cuales 49 ocurrieron en Oaxaca, y entre ellas se cuentan los asesinatos de seis personas durante los hechos violentos del 19 de junio de 2016 en Asunci\u00f3n Nochixtl\u00e1n.<\/p>\n\n\n\n<figure class=\"wp-block-embed is-type-rich is-provider-twitter wp-block-embed-twitter\"><div class=\"wp-block-embed__wrapper\">\n<div class=\"twitter-tweet\"><blockquote class=\"twitter-tweet\" data-lang=\"es\"><p lang=\"es\" dir=\"ltr\">Al grito de \u00a1La APPO vive y vive!, con 28 votos el pleno del <a href=\"https:\/\/twitter.com\/CongresoOaxaca_?ref_src=twsrc%5Etfw\">@CongresoOaxaca_<\/a> aprob\u00f3 hoy en sesi\u00f3n extraordinaria la penalizaci\u00f3n de la ejecuci\u00f3n extrajudicial, propuesta por organizaciones sociales. <a href=\"https:\/\/t.co\/8RM20b4xOq\">pic.twitter.com\/8RM20b4xOq<\/a><\/p>&mdash; Zona Roja Oaxaca (@ZonaRoja_Oaxaca) <a href=\"https:\/\/twitter.com\/ZonaRoja_Oaxaca\/status\/1801350978672681273?ref_src=twsrc%5Etfw\">13 de junio de 2024<\/a><\/blockquote><\/div>\n<\/div><\/figure>\n\n\n\n<p>POR PROVOCAR INCENDIOS<\/p>\n\n\n\n<p>Pos otra parte, ante el incremento de incendios forestales que han acabado con fauna y flora en la entidad, el Pleno de la 65 Legislatura del Congreso local, aprob\u00f3 con 27 votos a favor y dos en contra, la reforma al C\u00f3digo Penal de Oaxaca, para sancionar a quienes provoquen el fuego.<\/p>\n\n\n\n<p>Con la modificaci\u00f3n, se agreg\u00f3 el art\u00edculo 450 Bis el cual refiere que se impondr\u00e1 una pena de 10 a 15 a\u00f1os de prisi\u00f3n y una multa de mil 400 a mil 500 veces el valor diario de la Unidad de Medida y Actualizaci\u00f3n vigente, a quien de manera dolosa o por omisi\u00f3n en el cumplimiento de normas, motive, promueva o provoque de manera intencionada un incendio en un bosque, selva, vegetaci\u00f3n natural o terrenos forestales que da\u00f1e elementos naturales, flora, fauna, los ecosistemas y que ponga en peligro la vida, la econom\u00eda y la integridad de las personas.<\/p>\n\n\n\n<p>Al respecto, el presidente de la Junta de Coordinaci\u00f3n Pol\u00edtica (Jucopo), Sergio L\u00f3pez S\u00e1nchez, explic\u00f3 que con esta reforma se tiene el objetivo de sancionar a las personas que provoquen incendios de manera intencional, \u201ccon toda la intenci\u00f3n, con dolo, con toda la mala fe, afectando la naturaleza, la fauna. Hoy se da un paso importante con esta aprobaci\u00f3n, con esta tipificaci\u00f3n\u201d, refiri\u00f3.<\/p>\n\n\n\n<p>Por su parte, el diputado Horacio Sosa Villavicencio, destac\u00f3 que con ello se busca desincentivar a aquellas personas que inician los incendios forestales por diferentes conflictos agrarios en sus comunidades, ocasionando graves da\u00f1os a los ecosistemas y pobladores. \u00abConsideramos plenamente justificado el aumento sustantivo de las penas con c\u00e1rcel en esta iniciativa\u00bb, destac\u00f3 el legislador.<\/p>\n\n\n\n<p>En su intervenci\u00f3n, la diputada Mar\u00eda Luisa Matus Fuentes, dijo que buscar\u00e1n proponer alternativas a los campesinos para evitar la quema y roza en campos agr\u00edcolas, dado que la mala pr\u00e1ctica o la falta de conocimiento para realizar esta actividad, muchas veces termina en un incendio forestal.<\/p>\n\n\n\n<p>En cambio, la coordinadora del Grupo Parlamentario del Partido de la Revoluci\u00f3n Democr\u00e1tica (PRD), Ang\u00e9lica Roc\u00edo Melchor V\u00e1squez, mencion\u00f3 que la propagaci\u00f3n de los incendios forestales \u201cse debe principalmente a la sequ\u00eda extrema y al estr\u00e9s h\u00eddrico que ocasiona que los \u00e1rboles se encuentren secos, lo que facilita su combusti\u00f3n y la propagaci\u00f3n del fuego\u201d.<\/p>\n\n\n\n<p>De acuerdo con el dictamen aprobado, la Comisi\u00f3n Estatal Forestal (Coesfo) inform\u00f3 que, \u201caunque el origen de los incendios forestales se registra como causas desconocidas, en su mayor\u00eda se relacionan primordialmente con actividades agr\u00edcolas mal encausadas como la roza, tumba y quema; el 94 por ciento de los incendios originados por esta causa, han afectado hasta 12 mil 824 hect\u00e1reas en la entidad\u201d.<\/p>\n\n\n\n<p>El decreto aprobado entrar\u00e1 en vigor al d\u00eda siguiente de su publicaci\u00f3n en el Peri\u00f3dico Oficial del Estado de Oaxaca.<\/p>\n\n\n\n<figure class=\"wp-block-embed is-type-rich is-provider-twitter wp-block-embed-twitter\"><div class=\"wp-block-embed__wrapper\">\n<div class=\"twitter-tweet\"><blockquote class=\"twitter-tweet\" data-lang=\"es\"><p lang=\"es\" dir=\"ltr\">En voz del coordinador de los diputados de Morena, <a href=\"https:\/\/twitter.com\/SergioLopez_S?ref_src=twsrc%5Etfw\">@SergioLopez_S<\/a>, estas son algunas de las iniciativas aprobadas este jueves en sesi\u00f3n extraordinaria del <a href=\"https:\/\/twitter.com\/CongresoOaxaca_?ref_src=twsrc%5Etfw\">@CongresoOaxaca_<\/a>.<br><br>Destacan las sanciones para quienes provoquen incendios forestales; el castigo a las ejecuciones\u2026 <a href=\"https:\/\/t.co\/kSEp5zQoXI\">pic.twitter.com\/kSEp5zQoXI<\/a><\/p>&mdash; Zona Roja Oaxaca (@ZonaRoja_Oaxaca) <a href=\"https:\/\/twitter.com\/ZonaRoja_Oaxaca\/status\/1801412670324637930?ref_src=twsrc%5Etfw\">14 de junio de 2024<\/a><\/blockquote><\/div>\n<\/div><\/figure>\n","protected":false},"excerpt":{"rendered":"<p>Redacci\u00f3n\/Zona Roja. Oaxaca de Ju\u00e1rez, Oax., a 13 de junio de 2024.- Con 28 votos&hellip;<\/p>\n","protected":false},"author":2,"featured_media":69390,"comment_status":"closed","ping_status":"open","sticky":false,"template":"","format":"standard","meta":{"_lmt_disableupdate":"","_lmt_disable":"","_jetpack_memberships_contains_paid_content":false,"footnotes":""},"categories":[109,46],"tags":[2743],"class_list":["post-69389","post","type-post","status-publish","format-standard","has-post-thumbnail","hentry","category-minuto-a-minuto","category-zona-blanca","tag-65-legislatura-del-estado-de-oaxaca"],"jetpack_featured_media_url":"https:\/\/zonaroja.com.mx\/wp-content\/uploads\/2024\/06\/Sesion-Congreso-de-Oaxaca.jpeg","jetpack_sharing_enabled":true,"_links":{"self":[{"href":"https:\/\/zonaroja.com.mx\/index.php?rest_route=\/wp\/v2\/posts\/69389","targetHints":{"allow":["GET"]}}],"collection":[{"href":"https:\/\/zonaroja.com.mx\/index.php?rest_route=\/wp\/v2\/posts"}],"about":[{"href":"https:\/\/zonaroja.com.mx\/index.php?rest_route=\/wp\/v2\/types\/post"}],"author":[{"embeddable":true,"href":"https:\/\/zonaroja.com.mx\/index.php?rest_route=\/wp\/v2\/users\/2"}],"replies":[{"embeddable":true,"href":"https:\/\/zonaroja.com.mx\/index.php?rest_route=%2Fwp%2Fv2%2Fcomments&post=69389"}],"version-history":[{"count":1,"href":"https:\/\/zonaroja.com.mx\/index.php?rest_route=\/wp\/v2\/posts\/69389\/revisions"}],"predecessor-version":[{"id":69391,"href":"https:\/\/zonaroja.com.mx\/index.php?rest_route=\/wp\/v2\/posts\/69389\/revisions\/69391"}],"wp:featuredmedia":[{"embeddable":true,"href":"https:\/\/zonaroja.com.mx\/index.php?rest_route=\/wp\/v2\/media\/69390"}],"wp:attachment":[{"href":"https:\/\/zonaroja.com.mx\/index.php?rest_route=%2Fwp%2Fv2%2Fmedia&parent=69389"}],"wp:term":[{"taxonomy":"category","embeddable":true,"href":"https:\/\/zonaroja.com.mx\/index.php?rest_route=%2Fwp%2Fv2%2Fcategories&post=69389"},{"taxonomy":"post_tag","embeddable":true,"href":"https:\/\/zonaroja.com.mx\/index.php?rest_route=%2Fwp%2Fv2%2Ftags&post=69389"}],"curies":[{"name":"wp","href":"https:\/\/api.w.org\/{rel}","templated":true}]}}