{"id":69392,"date":"2024-06-14T06:48:05","date_gmt":"2024-06-14T12:48:05","guid":{"rendered":"https:\/\/zonaroja.com.mx\/?p=69392"},"modified":"2024-06-14T06:48:07","modified_gmt":"2024-06-14T12:48:07","slug":"amlo-cometio-violencia-politica-contra-xochitl-galvez-tribunal-electoral","status":"publish","type":"post","link":"https:\/\/zonaroja.com.mx\/?p=69392","title":{"rendered":"AMLO cometi\u00f3 violencia pol\u00edtica contra X\u00f3chitl G\u00e1lvez: Tribunal Electoral"},"content":{"rendered":"\n<p>Redacci\u00f3n\/Zona Roja Cdmx.<\/p>\n\n\n\n<p>Ciudad de M\u00e9xico, a 14 de junio de 2024.- La Sala Especializada del Tribunal Electoral del Poder Judicial de la Federaci\u00f3n (TEPJF) resolvi\u00f3 que el presidente Andr\u00e9s Manuel L\u00f3pez s\u00ed ejerci\u00f3 violencia pol\u00edtica de g\u00e9nero en contra de X\u00f3chitl G\u00e1lvez en 11 conferencias matutinas emitidas en julio y agosto de 2023.<\/p>\n\n\n\n<p>Por mayor\u00eda, los magistrados determinaron que el presidente es responsable de esa conducta irregular, por lo que se \u201cconfigura violencia simb\u00f3lica con el objeto de menoscabar sus derechos pol\u00edticos con base en el car\u00e1cter de mujer e ind\u00edgena al reforzar el estereotipo de inferioridad o dependencia para acceder a cargos p\u00fablicos y no es aut\u00f3noma en su decisiones, por lo que adem\u00e1s se niega a reconocer su trayectoria como funcionaria p\u00fablica\u201d.<\/p>\n\n\n\n<p>En la sentencia, se determin\u00f3 que el presidente viol\u00f3 la ley al se\u00f1alar que G\u00e1lvez \u201cobtuvo una candidatura &#8216;por decisi\u00f3n de un grupo de personas con poder pol\u00edtico que la designaron para utilizar su imagen como una mujer de pueblo y que con ello pretende causar simpat\u00eda en el electorado&#8217;, (con ello) se actualizan los par\u00e1metros de la infracci\u00f3n\u201d.<\/p>\n\n\n\n<p>\u201cAl presidente se determina su responsabilidad\u201d, resolvi\u00f3 la Sala, al ordenar dar las vistas correspondientes, pues se estableci\u00f3 responsabilidad indirecta del vocero presidencial Jes\u00fas Ram\u00edrez Cuevas \u2013pues est\u00e1 a cargo de la producci\u00f3n y difusi\u00f3n de las ma\u00f1aneras- por lo que se notificar\u00e1 a su jefe, el mismo L\u00f3pez Obrador.<\/p>\n\n\n\n<p>M\u00e1s de un a\u00f1o antes de la elecci\u00f3n, el 11 de julio de 2023, la senadora present\u00f3 una queja en contra del presidente, pues durante varias semanas en sus conferencias matutinas el presidente la descalific\u00f3 al asegurar que no es aut\u00f3noma en sus decisiones, era \u201cempleada\u201d de un grupo de hombres y buscaba la candidatura presidencial no por sus m\u00e9ritos ni trayectoria.<\/p>\n\n\n\n<p>La resoluci\u00f3n fue aprobada con voto dividido dos a favor y uno en contra, pues el magistrado Rub\u00e9n Lara no vio violencia pol\u00edtica en las expresiones contra G\u00e1lvez.<\/p>\n\n\n\n<p>(Informaci\u00f3n de \u201cExpansi\u00f3n Pol\u00edtica\u201d)<\/p>\n","protected":false},"excerpt":{"rendered":"<p>Redacci\u00f3n\/Zona Roja Cdmx. Ciudad de M\u00e9xico, a 14 de junio de 2024.- La Sala Especializada&hellip;<\/p>\n","protected":false},"author":2,"featured_media":69393,"comment_status":"closed","ping_status":"open","sticky":false,"template":"","format":"standard","meta":{"_lmt_disableupdate":"","_lmt_disable":"","_jetpack_memberships_contains_paid_content":false,"footnotes":""},"categories":[109,47],"tags":[143,3601],"class_list":["post-69392","post","type-post","status-publish","format-standard","has-post-thumbnail","hentry","category-minuto-a-minuto","category-zona-gris","tag-andres-manuel-lopez-obrador","tag-xochitl-galvez-ruiz"],"jetpack_featured_media_url":"https:\/\/zonaroja.com.mx\/wp-content\/uploads\/2024\/06\/Lopez-Obrador-y-Xochitl-Galvez.jpeg","jetpack_sharing_enabled":true,"_links":{"self":[{"href":"https:\/\/zonaroja.com.mx\/index.php?rest_route=\/wp\/v2\/posts\/69392","targetHints":{"allow":["GET"]}}],"collection":[{"href":"https:\/\/zonaroja.com.mx\/index.php?rest_route=\/wp\/v2\/posts"}],"about":[{"href":"https:\/\/zonaroja.com.mx\/index.php?rest_route=\/wp\/v2\/types\/post"}],"author":[{"embeddable":true,"href":"https:\/\/zonaroja.com.mx\/index.php?rest_route=\/wp\/v2\/users\/2"}],"replies":[{"embeddable":true,"href":"https:\/\/zonaroja.com.mx\/index.php?rest_route=%2Fwp%2Fv2%2Fcomments&post=69392"}],"version-history":[{"count":1,"href":"https:\/\/zonaroja.com.mx\/index.php?rest_route=\/wp\/v2\/posts\/69392\/revisions"}],"predecessor-version":[{"id":69394,"href":"https:\/\/zonaroja.com.mx\/index.php?rest_route=\/wp\/v2\/posts\/69392\/revisions\/69394"}],"wp:featuredmedia":[{"embeddable":true,"href":"https:\/\/zonaroja.com.mx\/index.php?rest_route=\/wp\/v2\/media\/69393"}],"wp:attachment":[{"href":"https:\/\/zonaroja.com.mx\/index.php?rest_route=%2Fwp%2Fv2%2Fmedia&parent=69392"}],"wp:term":[{"taxonomy":"category","embeddable":true,"href":"https:\/\/zonaroja.com.mx\/index.php?rest_route=%2Fwp%2Fv2%2Fcategories&post=69392"},{"taxonomy":"post_tag","embeddable":true,"href":"https:\/\/zonaroja.com.mx\/index.php?rest_route=%2Fwp%2Fv2%2Ftags&post=69392"}],"curies":[{"name":"wp","href":"https:\/\/api.w.org\/{rel}","templated":true}]}}