{"id":69399,"date":"2024-06-14T09:30:00","date_gmt":"2024-06-14T15:30:00","guid":{"rendered":"https:\/\/zonaroja.com.mx\/?p=69399"},"modified":"2024-06-14T07:09:00","modified_gmt":"2024-06-14T13:09:00","slug":"atacan-a-balazos-sede-de-periodico-en-culiacan-sinaloa","status":"publish","type":"post","link":"https:\/\/zonaroja.com.mx\/?p=69399","title":{"rendered":"Atacan a balazos sede de peri\u00f3dico en Culiac\u00e1n, Sinaloa"},"content":{"rendered":"\n<p>Redacci\u00f3n\/Zona Roja Cdmx.<\/p>\n\n\n\n<p>Ciudad de M\u00e9xico, a 14 de junio de 2024.- La noche de este jueves 13 de junio se registr\u00f3 una grave agresi\u00f3n armada contra las instalaciones del diario \u201cAdiscusi\u00f3n\u201d, ubicado en el municipio de Culiac\u00e1n, Sinaloa.<\/p>\n\n\n\n<p>De acuerdo con los primeros reportes, hombres armados dispararon repetidamente contra la fachada del diario, ubicada en la calle Crist\u00f3bal Col\u00f3n, sin que hasta el momento se reporten personas lesionadas.<\/p>\n\n\n\n<p>El incidente ha generado preocupaci\u00f3n y alarma entre la comunidad period\u00edstica de la regi\u00f3n, aunque las autoridades locales a\u00fan no han proporcionado informaci\u00f3n adicional sobre los posibles responsables o los motivos detr\u00e1s del ataque.<\/p>\n\n\n\n<p>En entrevista con Milenio Televisi\u00f3n, el director del diario \u201cAdiscusi\u00f3n\u201d, Jair Flores, detall\u00f3 que el ataque ocurri\u00f3 a las 20:06 horas, cuando dos sujetos a bordo de una motocicleta pasaron frente al edificio y dispararon entre cinco y siete ocasiones con un arma corta, impactando en la parte alta de la fachada.<\/p>\n\n\n\n<p>\u201cPor fortuna, a esa hora no hab\u00eda personal del diario presente en las oficinas, solo un compa\u00f1ero que estaba en el interior. \u00c9l escuch\u00f3 las detonaciones y luego, ya viendo las im\u00e1genes, se logr\u00f3 apreciar los hechos. Ambos sujetos nunca detuvieron su marcha; simplemente pasaron y dispararon\u201d, coment\u00f3 Flores.<\/p>\n\n\n\n<p>El director a\u00f1adi\u00f3 que, a pesar de no haber recibido amenazas recientes, el medio ha vivido episodios violentos en el pasado.<\/p>\n\n\n\n<p>\u201cHace 12 a\u00f1os, el fundador de este diario, cuando era semanario, Humberto Mill\u00e1n Salazar, fue levantado y asesinado en agosto de 2011. Desde entonces hemos hecho el reclamo de justicia por este caso\u201d, coment\u00f3.<\/p>\n\n\n\n<p>En la fachada de la sede del medio de comunicaci\u00f3n tambi\u00e9n se puede ver un mural en honor al fundador, en donde se exige justicia y no impunidad.<\/p>\n\n\n\n<p>De acuerdo con Flores, las autoridades ya realizan las investigaciones pertinentes para dar con los responsables del ataque. Por otro lado, agradeci\u00f3 la solidaridad del gremio y la ciudadan\u00eda en estos momentos dif\u00edciles.<\/p>\n\n\n\n<p>FUNDADOR ASESINADO<\/p>\n\n\n\n<p>Humberto Mill\u00e1n Salazar nacido el 6 de febrero de 1958 y encontrado muerto el 24 de agosto de 2011, fue un periodista mexicano, conocido por su programa de radio \u201cSin Ambages\u201d en Radio F\u00f3rmula y por ser fundador del peri\u00f3dico \u201cAdiscusi\u00f3n\u201d en Culiac\u00e1n.<\/p>\n\n\n\n<p>Fue secuestrado el 24 de agosto de 2011 mientras sal\u00eda de su casa en Infonavit Solidaridad y se dirig\u00eda a su programa. Al d\u00eda siguiente, su cuerpo fue hallado con una herida de bala en la cabeza en un campo al norte de la ciudad.<\/p>\n\n\n\n<p>Mill\u00e1n fue interceptado por varios hombres armados que lo obligaron a subir a una camioneta. Su hermano, quien lo acompa\u00f1aba y tiene una discapacidad, fue liberado a petici\u00f3n del comunicador. Este asesinato se sum\u00f3 a una larga lista de cr\u00edmenes contra periodistas en M\u00e9xico, donde la impunidad sigue siendo un problema grave.<\/p>\n\n\n\n<p>En su momento, la UNESCO y Reporteros sin Fronteras instaron a las autoridades a investigar el crimen y a poner fin a la impunidad. La Asociaci\u00f3n de Periodistas \u201c7 de Junio\u201d tambi\u00e9n protest\u00f3 y exigi\u00f3 justicia, no obstante, hasta el momento no ha habido avances en la investigaci\u00f3n.<\/p>\n\n\n\n<p>Mill\u00e1n fund\u00f3 \u201cAdiscusi\u00f3n\u201d en 1996 y trabaj\u00f3 en varios medios locales como \u201cEl Debate\u201d y \u201cEl Sol\u201d de Sinaloa. Su labor period\u00edstica, especialmente sus reportajes cr\u00edticos sobre la pol\u00edtica local, lo expuso a riesgos constantes. A pesar de la gravedad de su asesinato, los responsables a\u00fan no han sido llevados ante la justicia.<\/p>\n\n\n\n<p>La violencia y las amenazas contra periodistas en M\u00e9xico contin\u00faan siendo un obst\u00e1culo para la libertad de prensa y el derecho a la informaci\u00f3n de la ciudadan\u00eda, convirti\u00e9ndose en el pa\u00eds m\u00e1s letal no declarado en guerra para ejercer el periodismo.<\/p>\n\n\n\n<p>(Informaci\u00f3n de Infobae M\u00e9xico)<\/p>\n","protected":false},"excerpt":{"rendered":"<p>Redacci\u00f3n\/Zona Roja Cdmx. Ciudad de M\u00e9xico, a 14 de junio de 2024.- La noche de&hellip;<\/p>\n","protected":false},"author":2,"featured_media":69400,"comment_status":"closed","ping_status":"open","sticky":false,"template":"","format":"standard","meta":{"_lmt_disableupdate":"","_lmt_disable":"","_jetpack_memberships_contains_paid_content":false,"footnotes":""},"categories":[109,47],"tags":[3970],"class_list":["post-69399","post","type-post","status-publish","format-standard","has-post-thumbnail","hentry","category-minuto-a-minuto","category-zona-gris","tag-diario-adiscusion"],"jetpack_featured_media_url":"https:\/\/zonaroja.com.mx\/wp-content\/uploads\/2024\/06\/Ataque-periodico-Adiscusion.jpg","jetpack_sharing_enabled":true,"_links":{"self":[{"href":"https:\/\/zonaroja.com.mx\/index.php?rest_route=\/wp\/v2\/posts\/69399","targetHints":{"allow":["GET"]}}],"collection":[{"href":"https:\/\/zonaroja.com.mx\/index.php?rest_route=\/wp\/v2\/posts"}],"about":[{"href":"https:\/\/zonaroja.com.mx\/index.php?rest_route=\/wp\/v2\/types\/post"}],"author":[{"embeddable":true,"href":"https:\/\/zonaroja.com.mx\/index.php?rest_route=\/wp\/v2\/users\/2"}],"replies":[{"embeddable":true,"href":"https:\/\/zonaroja.com.mx\/index.php?rest_route=%2Fwp%2Fv2%2Fcomments&post=69399"}],"version-history":[{"count":1,"href":"https:\/\/zonaroja.com.mx\/index.php?rest_route=\/wp\/v2\/posts\/69399\/revisions"}],"predecessor-version":[{"id":69401,"href":"https:\/\/zonaroja.com.mx\/index.php?rest_route=\/wp\/v2\/posts\/69399\/revisions\/69401"}],"wp:featuredmedia":[{"embeddable":true,"href":"https:\/\/zonaroja.com.mx\/index.php?rest_route=\/wp\/v2\/media\/69400"}],"wp:attachment":[{"href":"https:\/\/zonaroja.com.mx\/index.php?rest_route=%2Fwp%2Fv2%2Fmedia&parent=69399"}],"wp:term":[{"taxonomy":"category","embeddable":true,"href":"https:\/\/zonaroja.com.mx\/index.php?rest_route=%2Fwp%2Fv2%2Fcategories&post=69399"},{"taxonomy":"post_tag","embeddable":true,"href":"https:\/\/zonaroja.com.mx\/index.php?rest_route=%2Fwp%2Fv2%2Ftags&post=69399"}],"curies":[{"name":"wp","href":"https:\/\/api.w.org\/{rel}","templated":true}]}}