{"id":69402,"date":"2024-06-14T07:36:35","date_gmt":"2024-06-14T13:36:35","guid":{"rendered":"https:\/\/zonaroja.com.mx\/?p=69402"},"modified":"2024-06-14T07:36:36","modified_gmt":"2024-06-14T13:36:36","slug":"asesinan-a-dirigente-de-organizacion-social-indagan-caso-de-calcinado","status":"publish","type":"post","link":"https:\/\/zonaroja.com.mx\/?p=69402","title":{"rendered":"Asesinan a dirigente de organizaci\u00f3n social; indagan caso de calcinado"},"content":{"rendered":"\n<p>Raymundo Morales\/Zona Roja.<\/p>\n\n\n\n<p>Oaxaca de Ju\u00e1rez, Oax., a 14 de junio de 2024.- El representante de la organizaci\u00f3n social Movimiento Oaxaque\u00f1o de Izquierda Democr\u00e1tica (MOID) en la regi\u00f3n Sierra de Flores Mag\u00f3n, David Ju\u00e1rez, fue asesinado anoche en el municipio de Teotitl\u00e1n de Flores Mag\u00f3n.<\/p>\n\n\n\n<p>De acuerdo con un comunicado, el crimen se perpetr\u00f3 anoche cuando \u201cun grupo de sicarios lo ultimaron sin que hasta el momento los \u00f3rganos responsables hayan siquiera dado su versi\u00f3n ni mucho menos dar con el paradero de los asesinos\u201d.<\/p>\n\n\n\n<p>La agrupaci\u00f3n, de reciente creaci\u00f3n, detall\u00f3 que David Ju\u00e1rez era un dirigente de transportistas que semanas atr\u00e1s hab\u00eda sido agredido por un grupo de taxistas que trataban de provocar un enfrentamiento.&nbsp;<\/p>\n\n\n\n<p>\u201cEste homicidio no puede quedar impune y exigimos, demandamos el esclarecimiento, la condena y la aplicaci\u00f3n de la ley caiga quien caiga\u201d.<\/p>\n\n\n\n<p>UN CALCINADO<\/p>\n\n\n\n<p>Por otra parte, la Fiscal\u00eda General del Estado de Oaxaca indaga el asesinato y posterior calcinaci\u00f3n de una persona, ocurrido el pasado martes 11 de junio en la comunidad Agua Blanca, del municipio de Santa Mar\u00eda Tonameca.<\/p>\n\n\n\n<p>El cuerpo fue localizado la ma\u00f1ana de esa fecha en un camino de terracer\u00eda, cerca de la carretera federal 200, y estaba calcinado aproximadamente en un 80 por ciento, por lo cual no ha sido identificado.<\/p>\n\n\n\n<p>Tras ello, la autoridad municipal dio parte a la Vicefiscal\u00eda Regional de la Costa, que inici\u00f3 las indagatorias del caso.<\/p>\n\n\n\n<p>Apenas el pasado domingo 9 de junio, otra persona fue ejecutada y calcinada en el interior de un veh\u00edculo, en el municipio de Miahuatl\u00e1n de Porfirio D\u00edaz.<\/p>\n","protected":false},"excerpt":{"rendered":"<p>Raymundo Morales\/Zona Roja. Oaxaca de Ju\u00e1rez, Oax., a 14 de junio de 2024.- El representante&hellip;<\/p>\n","protected":false},"author":2,"featured_media":69403,"comment_status":"closed","ping_status":"open","sticky":false,"template":"","format":"standard","meta":{"_lmt_disableupdate":"","_lmt_disable":"","_jetpack_memberships_contains_paid_content":false,"footnotes":""},"categories":[109,51],"tags":[1806],"class_list":["post-69402","post","type-post","status-publish","format-standard","has-post-thumbnail","hentry","category-minuto-a-minuto","category-zona-roja","tag-teotitlan-de-flores-magon"],"jetpack_featured_media_url":"https:\/\/zonaroja.com.mx\/wp-content\/uploads\/2024\/06\/Asesinado-MOID-Canada.jpg","jetpack_sharing_enabled":true,"_links":{"self":[{"href":"https:\/\/zonaroja.com.mx\/index.php?rest_route=\/wp\/v2\/posts\/69402","targetHints":{"allow":["GET"]}}],"collection":[{"href":"https:\/\/zonaroja.com.mx\/index.php?rest_route=\/wp\/v2\/posts"}],"about":[{"href":"https:\/\/zonaroja.com.mx\/index.php?rest_route=\/wp\/v2\/types\/post"}],"author":[{"embeddable":true,"href":"https:\/\/zonaroja.com.mx\/index.php?rest_route=\/wp\/v2\/users\/2"}],"replies":[{"embeddable":true,"href":"https:\/\/zonaroja.com.mx\/index.php?rest_route=%2Fwp%2Fv2%2Fcomments&post=69402"}],"version-history":[{"count":1,"href":"https:\/\/zonaroja.com.mx\/index.php?rest_route=\/wp\/v2\/posts\/69402\/revisions"}],"predecessor-version":[{"id":69404,"href":"https:\/\/zonaroja.com.mx\/index.php?rest_route=\/wp\/v2\/posts\/69402\/revisions\/69404"}],"wp:featuredmedia":[{"embeddable":true,"href":"https:\/\/zonaroja.com.mx\/index.php?rest_route=\/wp\/v2\/media\/69403"}],"wp:attachment":[{"href":"https:\/\/zonaroja.com.mx\/index.php?rest_route=%2Fwp%2Fv2%2Fmedia&parent=69402"}],"wp:term":[{"taxonomy":"category","embeddable":true,"href":"https:\/\/zonaroja.com.mx\/index.php?rest_route=%2Fwp%2Fv2%2Fcategories&post=69402"},{"taxonomy":"post_tag","embeddable":true,"href":"https:\/\/zonaroja.com.mx\/index.php?rest_route=%2Fwp%2Fv2%2Ftags&post=69402"}],"curies":[{"name":"wp","href":"https:\/\/api.w.org\/{rel}","templated":true}]}}