{"id":69405,"date":"2024-06-14T09:30:00","date_gmt":"2024-06-14T15:30:00","guid":{"rendered":"https:\/\/zonaroja.com.mx\/?p=69405"},"modified":"2024-06-14T08:19:05","modified_gmt":"2024-06-14T14:19:05","slug":"si-hubo-irregularidades-en-comicios-que-gano-chagoya-neri-va-a-tribunales","status":"publish","type":"post","link":"https:\/\/zonaroja.com.mx\/?p=69405","title":{"rendered":"S\u00ed hubo irregularidades en comicios que gan\u00f3 Chagoya; Neri va a tribunales"},"content":{"rendered":"\n<p>Ismael Garc\u00eda M.\/Zona Roja.<\/p>\n\n\n\n<p>Oaxaca de Ju\u00e1rez, Oax., a 14 de junio de 2024.- \u201cEstoy moralmente fortalecido; estoy convencido de que s\u00ed hubo una aceptaci\u00f3n a continuar con esta actividad (cargo); por otra parte se dieron, insisto, hechos y circunstancias que deben valorarse por parte de las autoridades para ver si los resultados son legales o no\u201d.<\/p>\n\n\n\n<p>As\u00ed se pronunci\u00f3 Francisco Mart\u00ednez Neri al confirmar que impugn\u00f3 ante tribunales electorales el cuestionado triunfo de Raymundo Chagoya en el municipio de Oaxaca de Ju\u00e1rez, el pasado 2 de junio.<\/p>\n\n\n\n<p>\u201cS\u00ed hay irregularidades en los comicios y lo que quiero es que los tribunales revisen ese tema y lo resuelvan, creo que sea favorable para su servidor por las razones que se expone\u201d, remarc\u00f3 en entrevista colectiva, al t\u00e9rmino de la sesi\u00f3n de Cabildo, que encabez\u00f3 tras su licencia para participar en el proceso electoral.<\/p>\n\n\n\n<p>\u201cQuien decidir\u00e1 el ganador ser\u00e1n los tribunales, que revisar\u00e1n y dar\u00e1n su veredicto\u201d, destac\u00f3 el edil, quien compiti\u00f3 por el Partido Morena.<\/p>\n\n\n\n<p>\u2014\u00bfHubo traici\u00f3n de su equipo? El domingo se proclam\u00f3 usted ganador con 18 puntos arriba.<\/p>\n\n\n\n<p>\u2014Hubo diversas circunstancias durante la jornada y d\u00edas previos, y eso origin\u00f3 que se dieran esas circunstancias\u2026<\/p>\n\n\n\n<p>\u2014\u00bfHubo traici\u00f3n?<\/p>\n\n\n\n<p>\u2014No, no creo, no puedo hablar de traici\u00f3n; soy un hombre que respeta a los dem\u00e1s, que no los juzga, no los califica, simplemente acudimos a los tribunales y que resuelva lo conducente.<\/p>\n\n\n\n<p>\u2014De no resultarle favorable, \u00bfreconocer\u00e1 los resultados de los tribunales?<\/p>\n\n\n\n<p>\u2014Desde luego, desde luego, lo que necesitamos es que se d\u00e9 respeto a la vida democr\u00e1tica y esto es lo que har\u00e1n los tribunales, verificar si se tiene o no raz\u00f3n. Lo que estamos verificando es en qu\u00e9 circunstancias se dieron los hechos.<\/p>\n\n\n\n<p>Consider\u00f3 que si hubo declaraciones contrarias en el interior de su planilla, fue porque varios de los integrantes fueron propuestos por el Partido Verde Ecologista, \u201cpor esa parte de personas, entonces era natural que siendo ellos, habiendo estado incrustados en nuestra planilla tuvieran esa declaraci\u00f3n\u2026 No los llamar\u00eda enemigos, eran parte de la planilla\u201d.<\/p>\n\n\n\n<p>\u2014C\u00f3mo llega Mart\u00ednez Neri despu\u00e9s del receso por al proceso electoral, \u00bfla ciudadan\u00eda le cobr\u00f3 la factura?<\/p>\n\n\n\n<p>\u2014Bueno, yo no creo que la ciudadan\u00eda nos haya cobrado una factura; m\u00e1s bien creo que hay un conjunto de hechos que dieron origen ese resultado. Que se respete el voto de la gente, que se respeten los procedimientos legales y eso esperamos de las autoridades.<\/p>\n\n\n\n<p>El presidente municipal asumi\u00f3 el cargo una vez concluida la licencia solicitada por el presidente municipal y este martes retom\u00f3 la conducci\u00f3n de las sesiones de Cabildo que ordinariamente se realizan los jueves al medio d\u00eda.&nbsp;<\/p>\n\n\n\n<p>Durante la ma\u00f1ana y previo a la sesi\u00f3n reafirm\u00f3 su compromiso con la gobernanza y la atenci\u00f3n de los retos cotidianos que enfrenta una capital como Oaxaca de Ju\u00e1rez, por esa raz\u00f3n ha pedido a los integrantes de su gabinete redoblar esfuerzos para continuar con un gobierno de resultados.\u00a0<\/p>\n\n\n\n<figure class=\"wp-block-embed is-type-rich is-provider-twitter wp-block-embed-twitter\"><div class=\"wp-block-embed__wrapper\">\n<div class=\"twitter-tweet\"><blockquote class=\"twitter-tweet\" data-lang=\"es\"><p lang=\"es\" dir=\"ltr\"><a href=\"https:\/\/twitter.com\/hashtag\/%C3%9AltimoMinuto?src=hash&amp;ref_src=twsrc%5Etfw\">#\u00daltimoMinuto<\/a><br>En entrevista colectiva tras la sesi\u00f3n de Cabildo, el presidente del <a href=\"https:\/\/twitter.com\/MunicipioOaxaca?ref_src=twsrc%5Etfw\">@MunicipioOaxaca<\/a>, <a href=\"https:\/\/twitter.com\/FMartinezNeri?ref_src=twsrc%5Etfw\">@FMartinezNeri<\/a>, confirm\u00f3 que recurri\u00f3 a los tribunales ante las irregularidades en el pasado proceso electoral. <br><br>Escuche las declaraciones: <a href=\"https:\/\/t.co\/NyLyGUTLbR\">pic.twitter.com\/NyLyGUTLbR<\/a><\/p>&mdash; Zona Roja Oaxaca (@ZonaRoja_Oaxaca) <a href=\"https:\/\/twitter.com\/ZonaRoja_Oaxaca\/status\/1801339290057576594?ref_src=twsrc%5Etfw\">13 de junio de 2024<\/a><\/blockquote><\/div>\n<\/div><\/figure>\n","protected":false},"excerpt":{"rendered":"<p>Ismael Garc\u00eda M.\/Zona Roja. Oaxaca de Ju\u00e1rez, Oax., a 14 de junio de 2024.- \u201cEstoy&hellip;<\/p>\n","protected":false},"author":2,"featured_media":69406,"comment_status":"closed","ping_status":"open","sticky":false,"template":"","format":"standard","meta":{"_lmt_disableupdate":"","_lmt_disable":"","_jetpack_memberships_contains_paid_content":false,"footnotes":""},"categories":[109,46],"tags":[2418],"class_list":["post-69405","post","type-post","status-publish","format-standard","has-post-thumbnail","hentry","category-minuto-a-minuto","category-zona-blanca","tag-francisco-martinez-neri"],"jetpack_featured_media_url":"https:\/\/zonaroja.com.mx\/wp-content\/uploads\/2024\/06\/Francisco-Martinez-Neri.jpg","jetpack_sharing_enabled":true,"_links":{"self":[{"href":"https:\/\/zonaroja.com.mx\/index.php?rest_route=\/wp\/v2\/posts\/69405","targetHints":{"allow":["GET"]}}],"collection":[{"href":"https:\/\/zonaroja.com.mx\/index.php?rest_route=\/wp\/v2\/posts"}],"about":[{"href":"https:\/\/zonaroja.com.mx\/index.php?rest_route=\/wp\/v2\/types\/post"}],"author":[{"embeddable":true,"href":"https:\/\/zonaroja.com.mx\/index.php?rest_route=\/wp\/v2\/users\/2"}],"replies":[{"embeddable":true,"href":"https:\/\/zonaroja.com.mx\/index.php?rest_route=%2Fwp%2Fv2%2Fcomments&post=69405"}],"version-history":[{"count":1,"href":"https:\/\/zonaroja.com.mx\/index.php?rest_route=\/wp\/v2\/posts\/69405\/revisions"}],"predecessor-version":[{"id":69407,"href":"https:\/\/zonaroja.com.mx\/index.php?rest_route=\/wp\/v2\/posts\/69405\/revisions\/69407"}],"wp:featuredmedia":[{"embeddable":true,"href":"https:\/\/zonaroja.com.mx\/index.php?rest_route=\/wp\/v2\/media\/69406"}],"wp:attachment":[{"href":"https:\/\/zonaroja.com.mx\/index.php?rest_route=%2Fwp%2Fv2%2Fmedia&parent=69405"}],"wp:term":[{"taxonomy":"category","embeddable":true,"href":"https:\/\/zonaroja.com.mx\/index.php?rest_route=%2Fwp%2Fv2%2Fcategories&post=69405"},{"taxonomy":"post_tag","embeddable":true,"href":"https:\/\/zonaroja.com.mx\/index.php?rest_route=%2Fwp%2Fv2%2Ftags&post=69405"}],"curies":[{"name":"wp","href":"https:\/\/api.w.org\/{rel}","templated":true}]}}