{"id":69410,"date":"2024-06-14T10:36:00","date_gmt":"2024-06-14T16:36:00","guid":{"rendered":"https:\/\/zonaroja.com.mx\/?p=69410"},"modified":"2024-06-14T08:39:40","modified_gmt":"2024-06-14T14:39:40","slug":"el-plan-c-sera-realidad-en-la-nueva-legislatura-federal-nino-morales","status":"publish","type":"post","link":"https:\/\/zonaroja.com.mx\/?p=69410","title":{"rendered":"El plan \u201cC\u201d ser\u00e1 realidad en la nueva Legislatura federal: Nino Morales"},"content":{"rendered":"\n<p>Raymundo Morales\/Zona Roja.<\/p>\n\n\n\n<p>Oaxaca de Ju\u00e1rez, Oax., a 14 de junio de 2024.- El plan \u201cC\u201d que promueve el Presidente Andr\u00e9s Manuel L\u00f3pez Obrador ser\u00e1 realidad en el Congreso de la Uni\u00f3n con Morena, tras el resultado de las recientes elecciones.<\/p>\n\n\n\n<p>As\u00ed lo declar\u00f3 el senador electo por Oaxaca, Antonino Morales Toledo, quien remarc\u00f3 que quienes conformar\u00e1n la C\u00e1mara Alta y la C\u00e1mara Baja en las pr\u00f3ximas legislaturas federales dar\u00e1n todo el respaldo a las reformas constitucionales, que tambi\u00e9n apoya la Presidenta electa Claudia Sheinbaum.<\/p>\n\n\n\n<p>A trav\u00e9s de sus redes sociales, el joven pol\u00edtico istme\u00f1o dio a conocer c\u00f3mo&nbsp;quedar\u00edan conformadas la C\u00e1mara de Senadores y la C\u00e1mara de Diputados, en donde Morena, tiene un porcentaje alto de sus representantes, as\u00ed como partidos pol\u00edticos que participaron en la coalici\u00f3n.<\/p>\n\n\n\n<p>El senador electo se\u00f1al\u00f3 que concretar la mayor\u00eda calificada en la C\u00e1mara de Diputados y mayor\u00eda en el Senado&nbsp;permitir\u00e1 seguir transformando a M\u00e9xico.<\/p>\n\n\n\n<p>Nino Morales afirm\u00f3 que en unidad&nbsp;se construir\u00e1 un pa\u00eds con bienestar y prosperidad compartida, toda vez que el plan \u201cC\u00bb representa un gran compromiso que busca modificar profundamente la estructura pol\u00edtica y judicial del pa\u00eds.<\/p>\n\n\n\n<p>El pr\u00f3ximo Senador de la Rep\u00fablica ha acompa\u00f1ado tambi\u00e9n al mandatario oaxaque\u00f1o, Salom\u00f3n Jara Cruz, a diversas giras de trabajo, donde ambos han recalcado su decidido apoyo a la construcci\u00f3n del segundo piso de la llamada Cuarta Transformaci\u00f3n.<\/p>\n","protected":false},"excerpt":{"rendered":"<p>Raymundo Morales\/Zona Roja. Oaxaca de Ju\u00e1rez, Oax., a 14 de junio de 2024.- El plan&hellip;<\/p>\n","protected":false},"author":2,"featured_media":69411,"comment_status":"closed","ping_status":"open","sticky":false,"template":"","format":"standard","meta":{"_lmt_disableupdate":"","_lmt_disable":"","_jetpack_memberships_contains_paid_content":false,"footnotes":""},"categories":[109,46],"tags":[180],"class_list":["post-69410","post","type-post","status-publish","format-standard","has-post-thumbnail","hentry","category-minuto-a-minuto","category-zona-blanca","tag-antonino-morales-toledo"],"jetpack_featured_media_url":"https:\/\/zonaroja.com.mx\/wp-content\/uploads\/2024\/06\/Antonino-Morales-Toledo.jpeg","jetpack_sharing_enabled":true,"_links":{"self":[{"href":"https:\/\/zonaroja.com.mx\/index.php?rest_route=\/wp\/v2\/posts\/69410","targetHints":{"allow":["GET"]}}],"collection":[{"href":"https:\/\/zonaroja.com.mx\/index.php?rest_route=\/wp\/v2\/posts"}],"about":[{"href":"https:\/\/zonaroja.com.mx\/index.php?rest_route=\/wp\/v2\/types\/post"}],"author":[{"embeddable":true,"href":"https:\/\/zonaroja.com.mx\/index.php?rest_route=\/wp\/v2\/users\/2"}],"replies":[{"embeddable":true,"href":"https:\/\/zonaroja.com.mx\/index.php?rest_route=%2Fwp%2Fv2%2Fcomments&post=69410"}],"version-history":[{"count":1,"href":"https:\/\/zonaroja.com.mx\/index.php?rest_route=\/wp\/v2\/posts\/69410\/revisions"}],"predecessor-version":[{"id":69412,"href":"https:\/\/zonaroja.com.mx\/index.php?rest_route=\/wp\/v2\/posts\/69410\/revisions\/69412"}],"wp:featuredmedia":[{"embeddable":true,"href":"https:\/\/zonaroja.com.mx\/index.php?rest_route=\/wp\/v2\/media\/69411"}],"wp:attachment":[{"href":"https:\/\/zonaroja.com.mx\/index.php?rest_route=%2Fwp%2Fv2%2Fmedia&parent=69410"}],"wp:term":[{"taxonomy":"category","embeddable":true,"href":"https:\/\/zonaroja.com.mx\/index.php?rest_route=%2Fwp%2Fv2%2Fcategories&post=69410"},{"taxonomy":"post_tag","embeddable":true,"href":"https:\/\/zonaroja.com.mx\/index.php?rest_route=%2Fwp%2Fv2%2Ftags&post=69410"}],"curies":[{"name":"wp","href":"https:\/\/api.w.org\/{rel}","templated":true}]}}