{"id":69416,"date":"2024-06-14T11:44:00","date_gmt":"2024-06-14T17:44:00","guid":{"rendered":"https:\/\/zonaroja.com.mx\/?p=69416"},"modified":"2024-06-14T08:45:31","modified_gmt":"2024-06-14T14:45:31","slug":"recibe-san-agustin-de-las-juntas-el-programa-fiscalia-en-tu-comunidad","status":"publish","type":"post","link":"https:\/\/zonaroja.com.mx\/?p=69416","title":{"rendered":"Recibe San Agust\u00edn de las Juntas el programa \u201cFiscal\u00eda en tu Comunidad\u201d"},"content":{"rendered":"\n<p>Redacci\u00f3n\/Zona Roja.<\/p>\n\n\n\n<p>Oaxaca de Ju\u00e1rez, Oax., a 14 de junio de 2024.- La Fiscal\u00eda General del Estado de Oaxaca (FGEO) realiz\u00f3 una jornada del programa de proximidad social \u201cFiscal\u00eda en tu Comunidad\u201d en San Agust\u00edn de las Juntas, en el cual participan personal de diferentes \u00e1reas, encabezados por el Fiscal General, Bernardo Rodr\u00edguez Alamilla, con el objetivo de acercar los servicios del organismo y brindar informaci\u00f3n en materia de prevenci\u00f3n del delito, adem\u00e1s de capacitaciones al funcionariado de diferentes Ayuntamientos de la regi\u00f3n de los Valles Centrales.<\/p>\n\n\n\n<p>Acompa\u00f1ado por la s\u00edndica municipal de San Agust\u00edn de las Juntas, Claudia Estela M\u00e9ndez S\u00e1nchez; el regidor de Hacienda, Marco Antonio Lascares Aquino; la regidora de educaci\u00f3n, Filiberta M\u00e9ndez P\u00e9rez; la regidora de salud, Silvia Lara L\u00f3pez; el s\u00edndico municipal de San Pablo Cuatro Venados, Crescencio L\u00f3pez Mart\u00ednez y el s\u00edndico de San Raymundo Jalpan, Eliseo Ben\u00edtez Hern\u00e1ndez, el Fiscal de Oaxaca dijo que, por medio de estas jornadas, los servicios tienden puentes directos con la poblaci\u00f3n y se establece un acercamiento que tiene el objetivo de recuperar la confianza de la ciudadan\u00eda.<\/p>\n\n\n\n<p>El titular de la Fiscal\u00eda General del Estado detall\u00f3 que, con estas labores de proximidad social se busca generar una relaci\u00f3n de colaboraci\u00f3n continua con las autoridades que permita hacer sinergias institucionales que favorezcan los resultados que se entregan a la ciudadan\u00eda en materia de procuraci\u00f3n de justicia y prevenci\u00f3n del delito.<\/p>\n\n\n\n<p>A\u00f1adi\u00f3 que, por ello, \u201cFiscal\u00eda en tu Comunidad\u201d brinda procesos formativos a elementos de las polic\u00edas municipales, los cuales les permiten tener herramientas que mejoran su desempe\u00f1o de acuerdo con sus facultades y obligaciones legales, pero que adem\u00e1s les capacitan en la atenci\u00f3n de protocolos para desempe\u00f1ar sus funciones con mayor eficacia.<\/p>\n\n\n\n<p>Rodr\u00edguez Alamillo detall\u00f3 que la prevenci\u00f3n del delito es una de las prioridades de la FGEO, por ello, para fomentar la cultura de la denuncia, no violencia e inhibir conductas delictivas se trabajan talleres formativos con ni\u00f1as, ni\u00f1os y adolescentes pues, este sector es clave para lograr un cambio social en materia de prevenci\u00f3n y erradicaci\u00f3n del delito.<\/p>\n\n\n\n<p>Por su parte, la s\u00edndica municipal de San Agust\u00edn de las Juntas, Claudia Estela M\u00e9ndez S\u00e1nchez, reconoci\u00f3 la necesidad que tienen las autoridades municipales de recibir acompa\u00f1amiento en materia de procuraci\u00f3n de justicia, por ello, este tipo de programas fortalecen los cuerpos policiales de las comunidades, que se traduce en una respuesta de mejoramiento de servicios y atenci\u00f3n a las demandas de justicia de la comunidad.<\/p>\n\n\n\n<p>En esta jornada de \u201cFiscal\u00eda en tu Comunidad\u201d se brindaron procesos formativos en temas como Informe Policial Homologado y Primer Respondiente; Procesos de atenci\u00f3n del Centro de Justicia para Mujeres, entre otros temas relacionados con la seguridad p\u00fablica y la procuraci\u00f3n de justicia.<\/p>\n","protected":false},"excerpt":{"rendered":"<p>Redacci\u00f3n\/Zona Roja. Oaxaca de Ju\u00e1rez, Oax., a 14 de junio de 2024.- La Fiscal\u00eda General&hellip;<\/p>\n","protected":false},"author":2,"featured_media":69417,"comment_status":"closed","ping_status":"open","sticky":false,"template":"","format":"standard","meta":{"_lmt_disableupdate":"","_lmt_disable":"","_jetpack_memberships_contains_paid_content":false,"footnotes":""},"categories":[109,46],"tags":[494],"class_list":["post-69416","post","type-post","status-publish","format-standard","has-post-thumbnail","hentry","category-minuto-a-minuto","category-zona-blanca","tag-fiscalia-general-del-estado-de-oaxaca"],"jetpack_featured_media_url":"https:\/\/zonaroja.com.mx\/wp-content\/uploads\/2024\/06\/BOLETIN-793-Fiscalia-en-tu-Comunidad-lleva-servicios-de-procuracion-de-justicia-a-la-ciudadania-a-traves-de-jornadas-de-proximidad-social-en-Oaxaca-4.jpeg","jetpack_sharing_enabled":true,"_links":{"self":[{"href":"https:\/\/zonaroja.com.mx\/index.php?rest_route=\/wp\/v2\/posts\/69416","targetHints":{"allow":["GET"]}}],"collection":[{"href":"https:\/\/zonaroja.com.mx\/index.php?rest_route=\/wp\/v2\/posts"}],"about":[{"href":"https:\/\/zonaroja.com.mx\/index.php?rest_route=\/wp\/v2\/types\/post"}],"author":[{"embeddable":true,"href":"https:\/\/zonaroja.com.mx\/index.php?rest_route=\/wp\/v2\/users\/2"}],"replies":[{"embeddable":true,"href":"https:\/\/zonaroja.com.mx\/index.php?rest_route=%2Fwp%2Fv2%2Fcomments&post=69416"}],"version-history":[{"count":1,"href":"https:\/\/zonaroja.com.mx\/index.php?rest_route=\/wp\/v2\/posts\/69416\/revisions"}],"predecessor-version":[{"id":69418,"href":"https:\/\/zonaroja.com.mx\/index.php?rest_route=\/wp\/v2\/posts\/69416\/revisions\/69418"}],"wp:featuredmedia":[{"embeddable":true,"href":"https:\/\/zonaroja.com.mx\/index.php?rest_route=\/wp\/v2\/media\/69417"}],"wp:attachment":[{"href":"https:\/\/zonaroja.com.mx\/index.php?rest_route=%2Fwp%2Fv2%2Fmedia&parent=69416"}],"wp:term":[{"taxonomy":"category","embeddable":true,"href":"https:\/\/zonaroja.com.mx\/index.php?rest_route=%2Fwp%2Fv2%2Fcategories&post=69416"},{"taxonomy":"post_tag","embeddable":true,"href":"https:\/\/zonaroja.com.mx\/index.php?rest_route=%2Fwp%2Fv2%2Ftags&post=69416"}],"curies":[{"name":"wp","href":"https:\/\/api.w.org\/{rel}","templated":true}]}}