{"id":6942,"date":"2019-12-24T18:25:24","date_gmt":"2019-12-25T00:25:24","guid":{"rendered":"http:\/\/www.zonaroja.com.mx\/?p=6942"},"modified":"2019-12-24T18:29:04","modified_gmt":"2019-12-25T00:29:04","slug":"en-vispera-de-navidad-dos-ataques-armados-en-oaxaca-un-muerto-y-un-herido","status":"publish","type":"post","link":"https:\/\/zonaroja.com.mx\/?p=6942","title":{"rendered":"En v\u00edspera de Navidad, dos ataques armados en Oaxaca; un muerto y un herido"},"content":{"rendered":"\n<p>Ismael\nGarc\u00eda M.\/Zona Roja.<\/p>\n\n\n\n<p>Oaxaca de\nJu\u00e1rez, Oax., 24 de diciembre de 2019.- En la v\u00edspera de la Navidad, en Oaxaca\nse registraron dos ataques armados, con saldo de una persona fallecida y una\nherida de gravedad; adem\u00e1s, un enfrentamiento entre comerciantes ambulantes y\npolic\u00edas.<\/p>\n\n\n\n<p>A primera\nhora del d\u00eda, en el camino viejo a La Ventosa, del municipio istme\u00f1o de Salina\nCruz, un trabajador de Petr\u00f3leos Mexicanos fue atacado con disparos de arma de\nfuego, mientras se trasladaba en su veh\u00edculo.<\/p>\n\n\n\n<p>Aunque de\nmanera preliminar se inform\u00f3 hab\u00eda perdido la vida, Vicente Gallegos Mendoza,\nconvalece en el Hospital de Especialidades de dicho puerto y su estado de salud\nlo reportan como grave.<\/p>\n\n\n\n<p>Mientras\ntanto en cerca de un campo de futbol en Miahuatl\u00e1n de Porfirio D\u00edaz, fue\nhallado el cad\u00e1ver de un individuo, hasta ahora no identificado, y que fue\nultimado a balazos.<\/p>\n\n\n\n<p>Hasta el momento no hay mayores datos de la forma en que fue perpetrado el crimen.<\/p>\n\n\n\n<figure class=\"wp-block-embed-twitter wp-block-embed is-type-rich is-provider-twitter\"><div class=\"wp-block-embed__wrapper\">\n<div class=\"twitter-tweet\"><blockquote class=\"twitter-tweet\" data-lang=\"es\"><p lang=\"es\" dir=\"ltr\"><a href=\"https:\/\/twitter.com\/hashtag\/OaxacaGris?src=hash&amp;ref_src=twsrc%5Etfw\">#OaxacaGris<\/a><br>As\u00ed la situaci\u00f3n en este momento en el Perif\u00e9rico poniente de la ciudad de Oaxaca: elementos de la <a href=\"https:\/\/twitter.com\/Policia_GobOax?ref_src=twsrc%5Etfw\">@Policia_GobOax<\/a> fueron recibidos con detonaci\u00f3n de cohetes al intentar un operativo; vendedores acusan que les echaron gas lacrim\u00f3geno. <br>Ausente, <a href=\"https:\/\/twitter.com\/MunicipioSeguro?ref_src=twsrc%5Etfw\">@MunicipioSeguro<\/a>. <a href=\"https:\/\/t.co\/DmLxCInGjO\">pic.twitter.com\/DmLxCInGjO<\/a><\/p>&mdash; Zona Roja Oaxaca (@MexRoja) <a href=\"https:\/\/twitter.com\/MexRoja\/status\/1209601504937730048?ref_src=twsrc%5Etfw\">24 de diciembre de 2019<\/a><\/blockquote><\/div>\n<\/div><\/figure>\n\n\n\n<p>Por otra\nparte, alrededor de las 15:30 horas, elementos de las polic\u00edas estatal y municipal,\nas\u00ed como de la Guardia Nacional, iniciaron un operativo para retirar puestos de\nventa de art\u00edculos pirot\u00e9cnicos sobre el camell\u00f3n del Perif\u00e9rico, en\ninmediaciones de la Central de Abasto.<\/p>\n\n\n\n<p>Sin\nembargo, fueron recibidos con la quema de un puesto y de cohetones, lo que\nmotiv\u00f3 el disparo de cartuchos de gas lacrim\u00f3geno.<\/p>\n\n\n\n<p>Fueron al menos hora y media de tensi\u00f3n, en que los vendedores informales colocaron barricadas en la carretera e incendiaron llantas viejas; alrededor de las seis de la tarde finalmente los polic\u00edas estatales pudieron restablecer el orden, retiraron algunos puestos, pero no hubo personas detenidas.<\/p>\n\n\n\n<p>No obstante, cerca de las siete de la noche, los puestos de venta de pirotecnia nuevamente fueron colocados en el camell\u00f3n del Perif\u00e9rico, una vez que los uniformados se retiraron.<\/p>\n","protected":false},"excerpt":{"rendered":"<p>Ismael Garc\u00eda M.\/Zona Roja. Oaxaca de Ju\u00e1rez, Oax., 24 de diciembre de 2019.- En la&hellip;<\/p>\n","protected":false},"author":2,"featured_media":6943,"comment_status":"closed","ping_status":"open","sticky":false,"template":"","format":"standard","meta":{"_lmt_disableupdate":"","_lmt_disable":"","_jetpack_memberships_contains_paid_content":false,"footnotes":""},"categories":[109,51],"tags":[169],"class_list":["post-6942","post","type-post","status-publish","format-standard","has-post-thumbnail","hentry","category-minuto-a-minuto","category-zona-roja","tag-miahuatlan-de-porfirio-diaz"],"jetpack_featured_media_url":"https:\/\/zonaroja.com.mx\/wp-content\/uploads\/2019\/12\/Ejecutado-Miahuatl\u00e1n.jpg","jetpack_sharing_enabled":true,"_links":{"self":[{"href":"https:\/\/zonaroja.com.mx\/index.php?rest_route=\/wp\/v2\/posts\/6942","targetHints":{"allow":["GET"]}}],"collection":[{"href":"https:\/\/zonaroja.com.mx\/index.php?rest_route=\/wp\/v2\/posts"}],"about":[{"href":"https:\/\/zonaroja.com.mx\/index.php?rest_route=\/wp\/v2\/types\/post"}],"author":[{"embeddable":true,"href":"https:\/\/zonaroja.com.mx\/index.php?rest_route=\/wp\/v2\/users\/2"}],"replies":[{"embeddable":true,"href":"https:\/\/zonaroja.com.mx\/index.php?rest_route=%2Fwp%2Fv2%2Fcomments&post=6942"}],"version-history":[{"count":2,"href":"https:\/\/zonaroja.com.mx\/index.php?rest_route=\/wp\/v2\/posts\/6942\/revisions"}],"predecessor-version":[{"id":6945,"href":"https:\/\/zonaroja.com.mx\/index.php?rest_route=\/wp\/v2\/posts\/6942\/revisions\/6945"}],"wp:featuredmedia":[{"embeddable":true,"href":"https:\/\/zonaroja.com.mx\/index.php?rest_route=\/wp\/v2\/media\/6943"}],"wp:attachment":[{"href":"https:\/\/zonaroja.com.mx\/index.php?rest_route=%2Fwp%2Fv2%2Fmedia&parent=6942"}],"wp:term":[{"taxonomy":"category","embeddable":true,"href":"https:\/\/zonaroja.com.mx\/index.php?rest_route=%2Fwp%2Fv2%2Fcategories&post=6942"},{"taxonomy":"post_tag","embeddable":true,"href":"https:\/\/zonaroja.com.mx\/index.php?rest_route=%2Fwp%2Fv2%2Ftags&post=6942"}],"curies":[{"name":"wp","href":"https:\/\/api.w.org\/{rel}","templated":true}]}}