{"id":69426,"date":"2024-06-14T20:23:19","date_gmt":"2024-06-15T02:23:19","guid":{"rendered":"https:\/\/zonaroja.com.mx\/?p=69426"},"modified":"2024-06-14T20:23:20","modified_gmt":"2024-06-15T02:23:20","slug":"intentan-ejecutar-a-dos-personas-en-salina-cruz-oaxaca-sobreviven","status":"publish","type":"post","link":"https:\/\/zonaroja.com.mx\/?p=69426","title":{"rendered":"Intentan ejecutar a dos personas en Salina Cruz, Oaxaca; sobreviven"},"content":{"rendered":"\n<p>Raymundo Morales\/Zona Roja.<\/p>\n\n\n\n<p>Oaxaca de Ju\u00e1rez, Oax., a 14 de junio de 2024.- Dos personas fueron atacadas a balazos con la intenci\u00f3n de ejecutarlos, pero sobreviven a la agresi\u00f3n armada registrada esta tarde en Salina Cruz, Oaxaca.<\/p>\n\n\n\n<p>La Fiscal\u00eda General del Estado de Oaxaca (FGEO) confirm\u00f3 que investiga el hecho ocurrido en la carretera federal costera a la altura de la colonia Lomas de Galindo.<\/p>\n\n\n\n<p>A trav\u00e9s de un video difundido en redes sociales, se aprecia el momento en que dos sujetos a bordo de una motocicleta se estacionan frente a un coche marca Volkswagen, tipo Vento con placas de circulaci\u00f3n THM-661-A de Oaxaca.<\/p>\n\n\n\n<p>Uno de ellos se baja y dispara directamente en el parabrisas en contra de los dos ocupantes, tras lo cual huyen de la zona, sin que hubiera polic\u00edas municipales en la zona.<\/p>\n\n\n\n<p>Tras ello, param\u00e9dicos de la Comisi\u00f3n Nacional de Emergencias arribaron al lugar y atendieron a las v\u00edctimas identificadas con las iniciales A. M. A. y A. G. G., a quienes trasladaron a un hospital, donde los reportan delicados de salud.<\/p>\n\n\n\n<p>La Fiscal\u00eda inform\u00f3 que dio inici\u00f3 a la carpeta de investigaci\u00f3n correspondiente a trav\u00e9s de la Vicefiscal\u00eda Regional del Istmo y realiza las indagatorias iniciales correspondientes, \u201crecabando datos, informaci\u00f3n y testimonios clave para establecer s\u00f3lidas l\u00edneas de investigaci\u00f3n en torno a este caso\u201d.<\/p>\n\n\n\n<p>En un comunicado, detall\u00f3 que despliega equipos especializados en la investigaci\u00f3n de delitos de alto impacto en este tipo de casos, para que los resultados de los trabajos ministeriales sean m\u00e1s eficientes en el proceso de procuraci\u00f3n de justicia a favor de las v\u00edctimas.<\/p>\n\n\n\n<figure class=\"wp-block-embed is-type-rich is-provider-twitter wp-block-embed-twitter\"><div class=\"wp-block-embed__wrapper\">\n<div class=\"twitter-tweet\"><blockquote class=\"twitter-tweet\" data-lang=\"es\"><p lang=\"es\" dir=\"ltr\">Este es el momento del ataque armado ocurrido esta tarde contra dos ocupantes de un veh\u00edculo compacto en el municipio de Salina Cruz.<br><br>Fueron dos presuntos sicarios a bordo de una motocicleta, uno de los cuales dispar\u00f3 de manera directa en contra de las personas. <a href=\"https:\/\/t.co\/KDvEtFqGY1\">pic.twitter.com\/KDvEtFqGY1<\/a><\/p>&mdash; Zona Roja Oaxaca (@ZonaRoja_Oaxaca) <a href=\"https:\/\/twitter.com\/ZonaRoja_Oaxaca\/status\/1801761004617142353?ref_src=twsrc%5Etfw\">14 de junio de 2024<\/a><\/blockquote><\/div>\n<\/div><\/figure>\n","protected":false},"excerpt":{"rendered":"<p>Raymundo Morales\/Zona Roja. Oaxaca de Ju\u00e1rez, Oax., a 14 de junio de 2024.- Dos personas&hellip;<\/p>\n","protected":false},"author":2,"featured_media":69427,"comment_status":"closed","ping_status":"open","sticky":false,"template":"","format":"standard","meta":{"_lmt_disableupdate":"","_lmt_disable":"","_jetpack_memberships_contains_paid_content":false,"footnotes":""},"categories":[109,51],"tags":[168],"class_list":["post-69426","post","type-post","status-publish","format-standard","has-post-thumbnail","hentry","category-minuto-a-minuto","category-zona-roja","tag-salina-cruz"],"jetpack_featured_media_url":"https:\/\/zonaroja.com.mx\/wp-content\/uploads\/2024\/06\/Ataque-armado-en-Salina-Cruz.jpeg","jetpack_sharing_enabled":true,"_links":{"self":[{"href":"https:\/\/zonaroja.com.mx\/index.php?rest_route=\/wp\/v2\/posts\/69426","targetHints":{"allow":["GET"]}}],"collection":[{"href":"https:\/\/zonaroja.com.mx\/index.php?rest_route=\/wp\/v2\/posts"}],"about":[{"href":"https:\/\/zonaroja.com.mx\/index.php?rest_route=\/wp\/v2\/types\/post"}],"author":[{"embeddable":true,"href":"https:\/\/zonaroja.com.mx\/index.php?rest_route=\/wp\/v2\/users\/2"}],"replies":[{"embeddable":true,"href":"https:\/\/zonaroja.com.mx\/index.php?rest_route=%2Fwp%2Fv2%2Fcomments&post=69426"}],"version-history":[{"count":1,"href":"https:\/\/zonaroja.com.mx\/index.php?rest_route=\/wp\/v2\/posts\/69426\/revisions"}],"predecessor-version":[{"id":69428,"href":"https:\/\/zonaroja.com.mx\/index.php?rest_route=\/wp\/v2\/posts\/69426\/revisions\/69428"}],"wp:featuredmedia":[{"embeddable":true,"href":"https:\/\/zonaroja.com.mx\/index.php?rest_route=\/wp\/v2\/media\/69427"}],"wp:attachment":[{"href":"https:\/\/zonaroja.com.mx\/index.php?rest_route=%2Fwp%2Fv2%2Fmedia&parent=69426"}],"wp:term":[{"taxonomy":"category","embeddable":true,"href":"https:\/\/zonaroja.com.mx\/index.php?rest_route=%2Fwp%2Fv2%2Fcategories&post=69426"},{"taxonomy":"post_tag","embeddable":true,"href":"https:\/\/zonaroja.com.mx\/index.php?rest_route=%2Fwp%2Fv2%2Ftags&post=69426"}],"curies":[{"name":"wp","href":"https:\/\/api.w.org\/{rel}","templated":true}]}}