{"id":69434,"date":"2024-06-15T08:30:00","date_gmt":"2024-06-15T14:30:00","guid":{"rendered":"https:\/\/zonaroja.com.mx\/?p=69434"},"modified":"2024-06-15T07:04:24","modified_gmt":"2024-06-15T13:04:24","slug":"confirma-tribunal-que-edil-de-santa-lucia-ocotlan-cometio-violencia-politica","status":"publish","type":"post","link":"https:\/\/zonaroja.com.mx\/?p=69434","title":{"rendered":"Confirma Tribunal que edil de Santa Luc\u00eda Ocotl\u00e1n cometi\u00f3 violencia pol\u00edtica"},"content":{"rendered":"\n<p>Redacci\u00f3n\/Zona Roja.&nbsp;<\/p>\n\n\n\n<p>Oaxaca de Ju\u00e1rez, Oax., a 15 de junio de 2024.- El Tribunal Electoral del Estado de Oaxaca (TEEO) acredit\u00f3 la violencia pol\u00edtica por raz\u00f3n de g\u00e9nero atribuida al presidente municipal de Santa Luc\u00eda Ocotl\u00e1n, en contra de dos concejalas.<\/p>\n\n\n\n<p>Expuso que las acciones denunciadas afectaron el ejercicio y desempe\u00f1o del cargo de las actoras, demeritando su percepci\u00f3n propia y p\u00fablica, as\u00ed como su imagen y capacidad en el ejercicio del cargo para el que fueron electas.<\/p>\n\n\n\n<p>En la resoluci\u00f3n del juicio de la ciudadan\u00eda ind\u00edgena con clave JDCI\/12\/2024, el \u00f3rgano jurisdiccional declar\u00f3 existente la obstrucci\u00f3n del ejercicio del cargo y la violencia pol\u00edtica por raz\u00f3n de g\u00e9nero, considerando que las pruebas presentadas por la autoridad responsable no desvirtuaron la presunci\u00f3n de veracidad de las afirmaciones realizadas por las concejalas.<\/p>\n\n\n\n<p>Detall\u00f3 que esta conclusi\u00f3n se sustenta en que, el procedimiento de terminaci\u00f3n anticipada de mandato no cumpli\u00f3 con los par\u00e1metros legales necesarios.<\/p>\n\n\n\n<p>La sentencia se\u00f1ala que, a la asamblea comunitaria de 19 de diciembre de 2023, no se convoc\u00f3 a la ciudadan\u00eda para tratar la posible terminaci\u00f3n del mandato de manera espec\u00edfica. Ahora bien, agrega, en la asamblea comunitaria de 14 de enero de 2024, no se garantiz\u00f3 el derecho de audiencia de las recurrentes.<\/p>\n\n\n\n<p>En consecuencia, este Tribunal dej\u00f3 sin efectos las actas de dichas asambleas.<\/p>\n\n\n\n<p>El Pleno se\u00f1al\u00f3 que la autoridad municipal no acredit\u00f3 haber convocado a sesiones de cabildo conforme a la Ley Org\u00e1nica Municipal, ni permiti\u00f3 a las actoras incluir puntos en el orden del d\u00eda, lo que les impidi\u00f3 que abordaran temas importantes para su cargo y la administraci\u00f3n municipal. Adem\u00e1s, la autoridad dej\u00f3 de erogar las dietas a las concejalas desde la segunda quincena de enero de este a\u00f1o.<\/p>\n","protected":false},"excerpt":{"rendered":"<p>Redacci\u00f3n\/Zona Roja.&nbsp; Oaxaca de Ju\u00e1rez, Oax., a 15 de junio de 2024.- El Tribunal Electoral&hellip;<\/p>\n","protected":false},"author":2,"featured_media":69435,"comment_status":"closed","ping_status":"open","sticky":false,"template":"","format":"standard","meta":{"_lmt_disableupdate":"","_lmt_disable":"","_jetpack_memberships_contains_paid_content":false,"footnotes":""},"categories":[109,47],"tags":[3973],"class_list":["post-69434","post","type-post","status-publish","format-standard","has-post-thumbnail","hentry","category-minuto-a-minuto","category-zona-gris","tag-santa-lucia-ocotlan"],"jetpack_featured_media_url":"https:\/\/zonaroja.com.mx\/wp-content\/uploads\/2024\/06\/Santa-Lucia-Ocotlan.webp","jetpack_sharing_enabled":true,"_links":{"self":[{"href":"https:\/\/zonaroja.com.mx\/index.php?rest_route=\/wp\/v2\/posts\/69434","targetHints":{"allow":["GET"]}}],"collection":[{"href":"https:\/\/zonaroja.com.mx\/index.php?rest_route=\/wp\/v2\/posts"}],"about":[{"href":"https:\/\/zonaroja.com.mx\/index.php?rest_route=\/wp\/v2\/types\/post"}],"author":[{"embeddable":true,"href":"https:\/\/zonaroja.com.mx\/index.php?rest_route=\/wp\/v2\/users\/2"}],"replies":[{"embeddable":true,"href":"https:\/\/zonaroja.com.mx\/index.php?rest_route=%2Fwp%2Fv2%2Fcomments&post=69434"}],"version-history":[{"count":1,"href":"https:\/\/zonaroja.com.mx\/index.php?rest_route=\/wp\/v2\/posts\/69434\/revisions"}],"predecessor-version":[{"id":69436,"href":"https:\/\/zonaroja.com.mx\/index.php?rest_route=\/wp\/v2\/posts\/69434\/revisions\/69436"}],"wp:featuredmedia":[{"embeddable":true,"href":"https:\/\/zonaroja.com.mx\/index.php?rest_route=\/wp\/v2\/media\/69435"}],"wp:attachment":[{"href":"https:\/\/zonaroja.com.mx\/index.php?rest_route=%2Fwp%2Fv2%2Fmedia&parent=69434"}],"wp:term":[{"taxonomy":"category","embeddable":true,"href":"https:\/\/zonaroja.com.mx\/index.php?rest_route=%2Fwp%2Fv2%2Fcategories&post=69434"},{"taxonomy":"post_tag","embeddable":true,"href":"https:\/\/zonaroja.com.mx\/index.php?rest_route=%2Fwp%2Fv2%2Ftags&post=69434"}],"curies":[{"name":"wp","href":"https:\/\/api.w.org\/{rel}","templated":true}]}}